{"id":66532,"date":"2026-05-01T12:19:52","date_gmt":"2026-05-01T15:19:52","guid":{"rendered":"https:\/\/plantaopolicialipatinga.com.br\/site\/?p=66532"},"modified":"2026-05-01T12:19:53","modified_gmt":"2026-05-01T15:19:53","slug":"acusado-de-feminicidio-no-bairro-vila-celeste-sera-julgado-pelo-tribunal-do-juri-em-ipatinga","status":"publish","type":"post","link":"https:\/\/plantaopolicialipatinga.com.br\/site\/index.php\/2026\/05\/01\/acusado-de-feminicidio-no-bairro-vila-celeste-sera-julgado-pelo-tribunal-do-juri-em-ipatinga\/","title":{"rendered":"Acusado de feminic\u00eddio no bairro Vila Celeste ser\u00e1 julgado pelo Tribunal do J\u00fari em Ipatinga"},"content":{"rendered":"\n<p>O Tribunal do J\u00fari da Comarca de Ipatinga realizar\u00e1, no pr\u00f3ximo dia 4 de maio de 2026, \u00e0s 9h, o julgamento de Nailson Matos da Silva. Ele \u00e9 acusado de homic\u00eddio qualificado consumado e homic\u00eddio qualificado tentado, em um caso de viol\u00eancia dom\u00e9stica e familiar contra a mulher.<\/p>\n\n\n\n<p>A sess\u00e3o ocorrer\u00e1 no plen\u00e1rio da C\u00e2mara Municipal. A acusa\u00e7\u00e3o ser\u00e1 sustentada pela 11\u00aa Promotoria de Justi\u00e7a de Ipatinga, representada pelo promotor Jonas Junio Linhares Costa Monteiro.<\/p>\n\n\n\n<p>Segundo a den\u00fancia do Minist\u00e9rio P\u00fablico de Minas Gerais, o crime aconteceu na manh\u00e3 de 18 de agosto de 2024, dentro da resid\u00eancia do casal, no bairro Vila Celeste. A v\u00edtima, Meilling Marili da Silva, de 37 anos, foi morta ap\u00f3s ser atacada pelo companheiro enquanto dormia. O relacionamento, conforme apurado, era marcado por ci\u00fames, amea\u00e7as e agress\u00f5es frequentes.<\/p>\n\n\n\n<p>De acordo com as investiga\u00e7\u00f5es, o acusado n\u00e3o aceitava o fim da rela\u00e7\u00e3o. Inconformado com a decis\u00e3o da v\u00edtima de se separar, ele teria iniciado o ataque de forma repentina, dificultando qualquer chance de defesa.<\/p>\n\n\n\n<p>Durante a a\u00e7\u00e3o, a filha da v\u00edtima, uma adolescente de 15 anos, tentou intervir para proteger a m\u00e3e e tamb\u00e9m foi ferida. Ela conseguiu fugir e foi socorrida, permanecendo internada por cerca de uma semana.<\/p>\n\n\n\n<p>O Minist\u00e9rio P\u00fablico sustenta que o crime foi cometido por motivo torpe, com uso de viol\u00eancia extrema e mediante recurso que dificultou a defesa das v\u00edtimas, al\u00e9m de se enquadrar como feminic\u00eddio. No caso da adolescente, a tentativa de homic\u00eddio teria ocorrido para assegurar a consuma\u00e7\u00e3o do crime principal.<\/p>\n\n\n\n<p>Ap\u00f3s o ocorrido, o suspeito foi localizado e preso em flagrante pela Pol\u00edcia Militar.<\/p>\n\n\n\n<p>O julgamento definir\u00e1 a responsabilidade do r\u00e9u e a eventual condena\u00e7\u00e3o pelos crimes imputados.<\/p>\n","protected":false},"excerpt":{"rendered":"<p>O Tribunal do J\u00fari da Comarca de Ipatinga realizar\u00e1, no pr\u00f3ximo dia 4 de maio de 2026, \u00e0s 9h, o julgamento de Nailson Matos da Silva. Ele \u00e9 acusado de homic\u00eddio qualificado consumado e homic\u00eddio qualificado tentado, em um caso de viol\u00eancia dom\u00e9stica e familiar contra a mulher. A sess\u00e3o ocorrer\u00e1 no plen\u00e1rio da C\u00e2mara [&hellip;]<\/p>\n","protected":false},"author":3,"featured_media":66533,"comment_status":"open","ping_status":"open","sticky":false,"template":"","format":"standard","meta":{"amp_status":"","footnotes":""},"categories":[3,20],"tags":[],"class_list":["post-66532","post","type-post","status-publish","format-standard","has-post-thumbnail","hentry","category-destaque","category-ipatinga"],"jetpack_featured_media_url":"https:\/\/plantaopolicialipatinga.com.br\/site\/wp-content\/uploads\/2026\/05\/IMG_2278.jpeg","_links":{"self":[{"href":"https:\/\/plantaopolicialipatinga.com.br\/site\/index.php\/wp-json\/wp\/v2\/posts\/66532","targetHints":{"allow":["GET"]}}],"collection":[{"href":"https:\/\/plantaopolicialipatinga.com.br\/site\/index.php\/wp-json\/wp\/v2\/posts"}],"about":[{"href":"https:\/\/plantaopolicialipatinga.com.br\/site\/index.php\/wp-json\/wp\/v2\/types\/post"}],"author":[{"embeddable":true,"href":"https:\/\/plantaopolicialipatinga.com.br\/site\/index.php\/wp-json\/wp\/v2\/users\/3"}],"replies":[{"embeddable":true,"href":"https:\/\/plantaopolicialipatinga.com.br\/site\/index.php\/wp-json\/wp\/v2\/comments?post=66532"}],"version-history":[{"count":1,"href":"https:\/\/plantaopolicialipatinga.com.br\/site\/index.php\/wp-json\/wp\/v2\/posts\/66532\/revisions"}],"predecessor-version":[{"id":66534,"href":"https:\/\/plantaopolicialipatinga.com.br\/site\/index.php\/wp-json\/wp\/v2\/posts\/66532\/revisions\/66534"}],"wp:featuredmedia":[{"embeddable":true,"href":"https:\/\/plantaopolicialipatinga.com.br\/site\/index.php\/wp-json\/wp\/v2\/media\/66533"}],"wp:attachment":[{"href":"https:\/\/plantaopolicialipatinga.com.br\/site\/index.php\/wp-json\/wp\/v2\/media?parent=66532"}],"wp:term":[{"taxonomy":"category","embeddable":true,"href":"https:\/\/plantaopolicialipatinga.com.br\/site\/index.php\/wp-json\/wp\/v2\/categories?post=66532"},{"taxonomy":"post_tag","embeddable":true,"href":"https:\/\/plantaopolicialipatinga.com.br\/site\/index.php\/wp-json\/wp\/v2\/tags?post=66532"}],"curies":[{"name":"wp","href":"https:\/\/api.w.org\/{rel}","templated":true}]}}