{"id":66551,"date":"2026-05-01T17:19:31","date_gmt":"2026-05-01T20:19:31","guid":{"rendered":"https:\/\/plantaopolicialipatinga.com.br\/site\/?p=66551"},"modified":"2026-05-01T17:19:31","modified_gmt":"2026-05-01T20:19:31","slug":"brasileiro-de-mg-morre-em-combate-na-ucrania-apos-ataque-com-drone","status":"publish","type":"post","link":"https:\/\/plantaopolicialipatinga.com.br\/site\/index.php\/2026\/05\/01\/brasileiro-de-mg-morre-em-combate-na-ucrania-apos-ataque-com-drone\/","title":{"rendered":"Brasileiro de MG morre em combate na Ucr\u00e2nia ap\u00f3s ataque com drone"},"content":{"rendered":"\n<p>Um brasileiro de 36 anos morreu em combate na Ucr\u00e2nia no dia 19 de abril. Natural do Vale do A\u00e7o, em Minas Gerais, Dime Wester Guilherme da Costa foi atingido por um drone enquanto estava na linha de frente, segundo relato de um sobrevivente. A morte foi confirmada pela fam\u00edlia dez dias depois, na \u00faltima quarta-feira (29).<\/p>\n\n\n\n<p>De acordo com os familiares, Dime vivia em Portugal h\u00e1 cerca de nove anos, onde trabalhava como auxiliar de cozinha no aeroporto de Lisboa. Ele tinha cidadania portuguesa e deixou uma filha de 11 anos, que mora em Ipatinga com a m\u00e3e.<\/p>\n\n\n\n<p>Ainda segundo a fam\u00edlia, ele decidiu se voluntariar para atuar no conflito mesmo sem experi\u00eancia militar. Parentes afirmam que tentaram convenc\u00ea-lo a desistir da ideia, alegando falta de preparo, mas ele manteve a decis\u00e3o.<\/p>\n\n\n\n<p>Dime teria sido recrutado por um brasileiro, com promessas de pagamento de cerca de 30 mil gr\u00edvnias, al\u00e9m de b\u00f4nus por miss\u00f5es e assist\u00eancia \u00e0 fam\u00edlia em caso de morte. Antes de viajar, ele disse em mensagens que queria realizar o sonho de ser militar e tamb\u00e9m \u201clevar a palavra do Senhor\u201d aos soldados.<\/p>\n\n\n\n<p>A viagem at\u00e9 a Ucr\u00e2nia foi feita por terra. Ele saiu de Portugal de \u00f4nibus, passando por Espanha, Fran\u00e7a, Alemanha e Pol\u00f4nia, at\u00e9 chegar ao territ\u00f3rio ucraniano por volta do dia 16 de mar\u00e7o.<\/p>\n\n\n\n<p>Ap\u00f3s um per\u00edodo de treinamento, Dime foi enviado \u00e0 linha de frente em 14 de abril. Desde ent\u00e3o, ficou incomunic\u00e1vel \u2014 segundo a fam\u00edlia, os combatentes s\u00e3o orientados a n\u00e3o levar celulares para o campo de batalha.<\/p>\n\n\n\n<p>A morte ocorreu cinco dias depois. Conforme relato de um sobrevivente brasileiro, Dime foi atingido enquanto corria em campo aberto, a cerca de 60 metros de um bunker, carregando armamento. O combatente que repassou as informa\u00e7\u00f5es \u00e0 fam\u00edlia morreu no dia seguinte.<\/p>\n\n\n\n<p>Inicialmente, os familiares foram informados de que o corpo teria ficado em destro\u00e7os. Posteriormente, receberam a informa\u00e7\u00e3o de que ele caiu no local ap\u00f3s ser atingido, sem possibilidade de resgate devido ao risco de novos ataques.<\/p>\n\n\n\n<p>A fam\u00edlia afirma que o corpo n\u00e3o foi recolhido e permanece em uma \u00e1rea de dif\u00edcil acesso. At\u00e9 o momento, os parentes dizem n\u00e3o ter recebido contrato militar nem certid\u00e3o de \u00f3bito oficial, o que impede o in\u00edcio de processos para garantir os direitos da filha.<\/p>\n\n\n\n<p>Segundo a irm\u00e3, tamb\u00e9m h\u00e1 dificuldades de comunica\u00e7\u00e3o com pessoas ligadas \u00e0 equipe de volunt\u00e1rios. Ela relata ter recebido respostas hostis ao buscar esclarecimentos sobre as circunst\u00e2ncias da morte e os procedimentos legais.<\/p>\n\n\n\n<p>A fam\u00edlia agora busca informa\u00e7\u00f5es oficiais e tenta assegurar os direitos da crian\u00e7a deixada por Dime. Parentes esperam ainda que a hist\u00f3ria sirva de alerta para outros brasileiros que consideram se voluntariar para o conflito.<\/p>\n\n\n\n<p>Fonte: G1<\/p>\n","protected":false},"excerpt":{"rendered":"<p>Um brasileiro de 36 anos morreu em combate na Ucr\u00e2nia no dia 19 de abril. Natural do Vale do A\u00e7o, em Minas Gerais, Dime Wester Guilherme da Costa foi atingido por um drone enquanto estava na linha de frente, segundo relato de um sobrevivente. A morte foi confirmada pela fam\u00edlia dez dias depois, na \u00faltima [&hellip;]<\/p>\n","protected":false},"author":3,"featured_media":66552,"comment_status":"open","ping_status":"open","sticky":false,"template":"","format":"standard","meta":{"amp_status":"","footnotes":""},"categories":[3,35],"tags":[],"class_list":["post-66551","post","type-post","status-publish","format-standard","has-post-thumbnail","hentry","category-destaque","category-internacionais"],"jetpack_featured_media_url":"https:\/\/plantaopolicialipatinga.com.br\/site\/wp-content\/uploads\/2026\/05\/cd8fac25-cc8d-4687-831c-6246faf23d1e.jpeg","_links":{"self":[{"href":"https:\/\/plantaopolicialipatinga.com.br\/site\/index.php\/wp-json\/wp\/v2\/posts\/66551","targetHints":{"allow":["GET"]}}],"collection":[{"href":"https:\/\/plantaopolicialipatinga.com.br\/site\/index.php\/wp-json\/wp\/v2\/posts"}],"about":[{"href":"https:\/\/plantaopolicialipatinga.com.br\/site\/index.php\/wp-json\/wp\/v2\/types\/post"}],"author":[{"embeddable":true,"href":"https:\/\/plantaopolicialipatinga.com.br\/site\/index.php\/wp-json\/wp\/v2\/users\/3"}],"replies":[{"embeddable":true,"href":"https:\/\/plantaopolicialipatinga.com.br\/site\/index.php\/wp-json\/wp\/v2\/comments?post=66551"}],"version-history":[{"count":1,"href":"https:\/\/plantaopolicialipatinga.com.br\/site\/index.php\/wp-json\/wp\/v2\/posts\/66551\/revisions"}],"predecessor-version":[{"id":66553,"href":"https:\/\/plantaopolicialipatinga.com.br\/site\/index.php\/wp-json\/wp\/v2\/posts\/66551\/revisions\/66553"}],"wp:featuredmedia":[{"embeddable":true,"href":"https:\/\/plantaopolicialipatinga.com.br\/site\/index.php\/wp-json\/wp\/v2\/media\/66552"}],"wp:attachment":[{"href":"https:\/\/plantaopolicialipatinga.com.br\/site\/index.php\/wp-json\/wp\/v2\/media?parent=66551"}],"wp:term":[{"taxonomy":"category","embeddable":true,"href":"https:\/\/plantaopolicialipatinga.com.br\/site\/index.php\/wp-json\/wp\/v2\/categories?post=66551"},{"taxonomy":"post_tag","embeddable":true,"href":"https:\/\/plantaopolicialipatinga.com.br\/site\/index.php\/wp-json\/wp\/v2\/tags?post=66551"}],"curies":[{"name":"wp","href":"https:\/\/api.w.org\/{rel}","templated":true}]}}