{"id":66557,"date":"2026-05-02T16:06:26","date_gmt":"2026-05-02T19:06:26","guid":{"rendered":"https:\/\/plantaopolicialipatinga.com.br\/site\/?p=66557"},"modified":"2026-05-02T18:00:59","modified_gmt":"2026-05-02T21:00:59","slug":"morte-de-idoso-atropelado-comove-moradores-e-velorio-ocorre-neste-domingo-em-coronel-fabriciano","status":"publish","type":"post","link":"https:\/\/plantaopolicialipatinga.com.br\/site\/index.php\/2026\/05\/02\/morte-de-idoso-atropelado-comove-moradores-e-velorio-ocorre-neste-domingo-em-coronel-fabriciano\/","title":{"rendered":"Morte de idoso atropelado comove moradores e vel\u00f3rio ocorre neste domingo em Coronel Fabriciano"},"content":{"rendered":"\n<figure class=\"wp-block-image size-large\"><img loading=\"lazy\" decoding=\"async\" width=\"621\" height=\"1024\" src=\"https:\/\/plantaopolicialipatinga.com.br\/site\/wp-content\/uploads\/2026\/05\/IMG_2375-621x1024.jpeg\" alt=\"\" class=\"wp-image-66558\" srcset=\"https:\/\/plantaopolicialipatinga.com.br\/site\/wp-content\/uploads\/2026\/05\/IMG_2375-621x1024.jpeg 621w, https:\/\/plantaopolicialipatinga.com.br\/site\/wp-content\/uploads\/2026\/05\/IMG_2375-182x300.jpeg 182w, https:\/\/plantaopolicialipatinga.com.br\/site\/wp-content\/uploads\/2026\/05\/IMG_2375-768x1265.jpeg 768w, https:\/\/plantaopolicialipatinga.com.br\/site\/wp-content\/uploads\/2026\/05\/IMG_2375-932x1536.jpeg 932w, https:\/\/plantaopolicialipatinga.com.br\/site\/wp-content\/uploads\/2026\/05\/IMG_2375-1243x2048.jpeg 1243w, https:\/\/plantaopolicialipatinga.com.br\/site\/wp-content\/uploads\/2026\/05\/IMG_2375-696x1147.jpeg 696w, https:\/\/plantaopolicialipatinga.com.br\/site\/wp-content\/uploads\/2026\/05\/IMG_2375-1068x1760.jpeg 1068w, https:\/\/plantaopolicialipatinga.com.br\/site\/wp-content\/uploads\/2026\/05\/IMG_2375-255x420.jpeg 255w, https:\/\/plantaopolicialipatinga.com.br\/site\/wp-content\/uploads\/2026\/05\/IMG_2375.jpeg 1320w\" sizes=\"auto, (max-width: 621px) 100vw, 621px\" \/><figcaption class=\"wp-element-caption\"><strong><em>Redes Sociais <\/em><\/strong><\/figcaption><\/figure>\n\n\n\n<p>Ser\u00e1 realizado neste domingo (3), a partir das 7h, o vel\u00f3rio de Manoel Pinheiro da Silva, o \u201cSeu Manel\u201d, na capela do Cemit\u00e9rio Senhor do Bonfim, em Coronel Fabriciano. O sepultamento est\u00e1 previsto para as 10h, no mesmo local.<\/p>\n\n\n\n<p>Aos 91 anos, Seu Manel morreu na madrugada deste s\u00e1bado (2), no Hospital M\u00e1rcio Cunha, em Ipatinga. Ele estava internado em estado grave desde quinta-feira (30), ap\u00f3s ter sido atropelado.<\/p>\n\n\n\n<p>O acidente ocorreu na Avenida Tancredo Neves, quando o idoso tentava atravessar a via em um trecho de tr\u00e2nsito intenso. De acordo com informa\u00e7\u00f5es levantadas, o condutor do ve\u00edculo afirmou que n\u00e3o conseguiu ver a v\u00edtima a tempo, j\u00e1 que ela estaria encoberta por outro carro que seguia \u00e0 frente.<\/p>\n\n\n\n<p>Ap\u00f3s o impacto, Seu Manel caiu ao solo e foi socorrido por equipes do SAMU, sendo levado ao hospital, onde permaneceu internado, mas n\u00e3o resistiu aos ferimentos.<\/p>\n\n\n\n<p>Morador do bairro Caladinho de Cima, ele era bastante conhecido na regi\u00e3o do Vale do A\u00e7o. Frequentador ass\u00edduo da feira do bairro Timirim, em Tim\u00f3teo, para onde costumava ir de bicicleta, Seu Manel era lembrado pelo jeito simples, pela alegria e pelo gosto pela dan\u00e7a \u2014 caracter\u00edsticas que marcaram sua trajet\u00f3ria e deixaram saudade entre familiares e amigos.<\/p>\n\n\n\n<p>A fam\u00edlia da R\u00e1dio Vanguarda e Plant\u00e3o Policial presta \u00e0s condol\u00eancias aos amigos e familiares.<\/p>\n\n\n\n<p><\/p>\n","protected":false},"excerpt":{"rendered":"<p>Ser\u00e1 realizado neste domingo (3), a partir das 7h, o vel\u00f3rio de Manoel Pinheiro da Silva, o \u201cSeu Manel\u201d, na capela do Cemit\u00e9rio Senhor do Bonfim, em Coronel Fabriciano. O sepultamento est\u00e1 previsto para as 10h, no mesmo local. Aos 91 anos, Seu Manel morreu na madrugada deste s\u00e1bado (2), no Hospital M\u00e1rcio Cunha, em [&hellip;]<\/p>\n","protected":false},"author":3,"featured_media":66558,"comment_status":"open","ping_status":"open","sticky":false,"template":"","format":"standard","meta":{"amp_status":"","footnotes":""},"categories":[6,3],"tags":[],"class_list":["post-66557","post","type-post","status-publish","format-standard","has-post-thumbnail","hentry","category-coronel-fabriciano","category-destaque"],"jetpack_featured_media_url":"https:\/\/plantaopolicialipatinga.com.br\/site\/wp-content\/uploads\/2026\/05\/IMG_2375.jpeg","_links":{"self":[{"href":"https:\/\/plantaopolicialipatinga.com.br\/site\/index.php\/wp-json\/wp\/v2\/posts\/66557","targetHints":{"allow":["GET"]}}],"collection":[{"href":"https:\/\/plantaopolicialipatinga.com.br\/site\/index.php\/wp-json\/wp\/v2\/posts"}],"about":[{"href":"https:\/\/plantaopolicialipatinga.com.br\/site\/index.php\/wp-json\/wp\/v2\/types\/post"}],"author":[{"embeddable":true,"href":"https:\/\/plantaopolicialipatinga.com.br\/site\/index.php\/wp-json\/wp\/v2\/users\/3"}],"replies":[{"embeddable":true,"href":"https:\/\/plantaopolicialipatinga.com.br\/site\/index.php\/wp-json\/wp\/v2\/comments?post=66557"}],"version-history":[{"count":3,"href":"https:\/\/plantaopolicialipatinga.com.br\/site\/index.php\/wp-json\/wp\/v2\/posts\/66557\/revisions"}],"predecessor-version":[{"id":66578,"href":"https:\/\/plantaopolicialipatinga.com.br\/site\/index.php\/wp-json\/wp\/v2\/posts\/66557\/revisions\/66578"}],"wp:featuredmedia":[{"embeddable":true,"href":"https:\/\/plantaopolicialipatinga.com.br\/site\/index.php\/wp-json\/wp\/v2\/media\/66558"}],"wp:attachment":[{"href":"https:\/\/plantaopolicialipatinga.com.br\/site\/index.php\/wp-json\/wp\/v2\/media?parent=66557"}],"wp:term":[{"taxonomy":"category","embeddable":true,"href":"https:\/\/plantaopolicialipatinga.com.br\/site\/index.php\/wp-json\/wp\/v2\/categories?post=66557"},{"taxonomy":"post_tag","embeddable":true,"href":"https:\/\/plantaopolicialipatinga.com.br\/site\/index.php\/wp-json\/wp\/v2\/tags?post=66557"}],"curies":[{"name":"wp","href":"https:\/\/api.w.org\/{rel}","templated":true}]}}