{"id":69886,"date":"2026-08-30T22:10:38","date_gmt":"2026-08-31T01:10:38","guid":{"rendered":"https:\/\/plantaopolicialipatinga.com.br\/site\/?p=69886"},"modified":"2026-08-30T22:10:39","modified_gmt":"2026-08-31T01:10:39","slug":"pm-prende-suspeitos-com-maconha-que-seria-levada-do-vale-do-aco-para-o-espirito-santo","status":"publish","type":"post","link":"https:\/\/plantaopolicialipatinga.com.br\/site\/index.php\/2026\/08\/30\/pm-prende-suspeitos-com-maconha-que-seria-levada-do-vale-do-aco-para-o-espirito-santo\/","title":{"rendered":"PM prende suspeitos com maconha que seria levada do Vale do A\u00e7o para o Esp\u00edrito Santo"},"content":{"rendered":"\n<figure class=\"wp-block-image size-large\"><img loading=\"lazy\" decoding=\"async\" width=\"1024\" height=\"802\" src=\"https:\/\/plantaopolicialipatinga.com.br\/site\/wp-content\/uploads\/2026\/08\/7678841D-654C-4679-80C5-B8AE7E2B9544-1-1024x802.jpeg\" alt=\"\" class=\"wp-image-69888\" srcset=\"https:\/\/plantaopolicialipatinga.com.br\/site\/wp-content\/uploads\/2026\/08\/7678841D-654C-4679-80C5-B8AE7E2B9544-1-1024x802.jpeg 1024w, https:\/\/plantaopolicialipatinga.com.br\/site\/wp-content\/uploads\/2026\/08\/7678841D-654C-4679-80C5-B8AE7E2B9544-1-300x235.jpeg 300w, https:\/\/plantaopolicialipatinga.com.br\/site\/wp-content\/uploads\/2026\/08\/7678841D-654C-4679-80C5-B8AE7E2B9544-1-768x602.jpeg 768w, https:\/\/plantaopolicialipatinga.com.br\/site\/wp-content\/uploads\/2026\/08\/7678841D-654C-4679-80C5-B8AE7E2B9544-1-696x545.jpeg 696w, https:\/\/plantaopolicialipatinga.com.br\/site\/wp-content\/uploads\/2026\/08\/7678841D-654C-4679-80C5-B8AE7E2B9544-1-1068x837.jpeg 1068w, https:\/\/plantaopolicialipatinga.com.br\/site\/wp-content\/uploads\/2026\/08\/7678841D-654C-4679-80C5-B8AE7E2B9544-1-536x420.jpeg 536w, https:\/\/plantaopolicialipatinga.com.br\/site\/wp-content\/uploads\/2026\/08\/7678841D-654C-4679-80C5-B8AE7E2B9544-1.jpeg 1417w\" sizes=\"auto, (max-width: 1024px) 100vw, 1024px\" \/><figcaption class=\"wp-element-caption\"><strong><em>Divulga\u00e7\u00e3o <\/em><\/strong><\/figcaption><\/figure>\n\n\n\n<p class=\"wp-block-paragraph\"><strong>IPATINGA<\/strong> &#8211; Dois jovens foram detidos pela Pol\u00edcia Militar na noite de sexta-feira (28), na Rodovi\u00e1ria de Ipatinga, suspeitos de transportar drogas que seriam levadas para o Esp\u00edrito Santo.<\/p>\n\n\n\n<p class=\"wp-block-paragraph\">Segundo a PM, um policial que estava de folga e se encontrava na regi\u00e3o central de Ipatinga percebeu dois indiv\u00edduos em atitude suspeita enquanto aguardavam o embarque para uma cidade capixaba. A informa\u00e7\u00e3o foi repassada \u00e0s equipes que estavam em servi\u00e7o.<\/p>\n\n\n\n<p class=\"wp-block-paragraph\">Uma guarni\u00e7\u00e3o compareceu \u00e0 rodovi\u00e1ria e realizou a abordagem. Durante as buscas nas bagagens, os militares localizaram duas barras e uma por\u00e7\u00e3o de maconha da variedade Colombian Gold, considerada uma droga de alto valor comercial.<\/p>\n\n\n\n<p class=\"wp-block-paragraph\">Ainda conforme a ocorr\u00eancia, os dois envolvidos s\u00e3o moradores de Coronel Fabriciano, sendo um maior de idade e o outro menor.<\/p>\n\n\n\n<p class=\"wp-block-paragraph\">Na sequ\u00eancia, militares dos 14\u00ba e 58\u00ba Batalh\u00f5es da Pol\u00edcia Militar realizaram dilig\u00eancias no endere\u00e7o informado pelos suspeitos, em Coronel Fabriciano.<\/p>\n\n\n\n<p class=\"wp-block-paragraph\">Os dois foram detidos e encaminhados, juntamente com o material apreendido, \u00e0 Delegacia de Plant\u00e3o da Pol\u00edcia Civil, em Ipatinga, para as provid\u00eancias cab\u00edveis.<\/p>\n","protected":false},"excerpt":{"rendered":"<p>IPATINGA &#8211; Dois jovens foram detidos pela Pol\u00edcia Militar na noite de sexta-feira (28), na Rodovi\u00e1ria de Ipatinga, suspeitos de transportar drogas que seriam levadas para o Esp\u00edrito Santo. Segundo a PM, um policial que estava de folga e se encontrava na regi\u00e3o central de Ipatinga percebeu dois indiv\u00edduos em atitude suspeita enquanto aguardavam o [&hellip;]<\/p>\n","protected":false},"author":3,"featured_media":69887,"comment_status":"open","ping_status":"open","sticky":false,"template":"","format":"standard","meta":{"amp_status":"","footnotes":""},"categories":[3,20],"tags":[],"class_list":["post-69886","post","type-post","status-publish","format-standard","has-post-thumbnail","hentry","category-destaque","category-ipatinga"],"jetpack_featured_media_url":"https:\/\/plantaopolicialipatinga.com.br\/site\/wp-content\/uploads\/2026\/08\/7678841D-654C-4679-80C5-B8AE7E2B9544.jpeg","_links":{"self":[{"href":"https:\/\/plantaopolicialipatinga.com.br\/site\/index.php\/wp-json\/wp\/v2\/posts\/69886","targetHints":{"allow":["GET"]}}],"collection":[{"href":"https:\/\/plantaopolicialipatinga.com.br\/site\/index.php\/wp-json\/wp\/v2\/posts"}],"about":[{"href":"https:\/\/plantaopolicialipatinga.com.br\/site\/index.php\/wp-json\/wp\/v2\/types\/post"}],"author":[{"embeddable":true,"href":"https:\/\/plantaopolicialipatinga.com.br\/site\/index.php\/wp-json\/wp\/v2\/users\/3"}],"replies":[{"embeddable":true,"href":"https:\/\/plantaopolicialipatinga.com.br\/site\/index.php\/wp-json\/wp\/v2\/comments?post=69886"}],"version-history":[{"count":1,"href":"https:\/\/plantaopolicialipatinga.com.br\/site\/index.php\/wp-json\/wp\/v2\/posts\/69886\/revisions"}],"predecessor-version":[{"id":69889,"href":"https:\/\/plantaopolicialipatinga.com.br\/site\/index.php\/wp-json\/wp\/v2\/posts\/69886\/revisions\/69889"}],"wp:featuredmedia":[{"embeddable":true,"href":"https:\/\/plantaopolicialipatinga.com.br\/site\/index.php\/wp-json\/wp\/v2\/media\/69887"}],"wp:attachment":[{"href":"https:\/\/plantaopolicialipatinga.com.br\/site\/index.php\/wp-json\/wp\/v2\/media?parent=69886"}],"wp:term":[{"taxonomy":"category","embeddable":true,"href":"https:\/\/plantaopolicialipatinga.com.br\/site\/index.php\/wp-json\/wp\/v2\/categories?post=69886"},{"taxonomy":"post_tag","embeddable":true,"href":"https:\/\/plantaopolicialipatinga.com.br\/site\/index.php\/wp-json\/wp\/v2\/tags?post=69886"}],"curies":[{"name":"wp","href":"https:\/\/api.w.org\/{rel}","templated":true}]}}