{"id":69905,"date":"2026-08-31T14:49:00","date_gmt":"2026-08-31T17:49:00","guid":{"rendered":"https:\/\/plantaopolicialipatinga.com.br\/site\/?p=69905"},"modified":"2026-08-31T14:49:03","modified_gmt":"2026-08-31T17:49:03","slug":"mpmg-ajuiza-acao-para-proteger-area-de-preservacao-permanente-em-inhapim","status":"publish","type":"post","link":"https:\/\/plantaopolicialipatinga.com.br\/site\/index.php\/2026\/08\/31\/mpmg-ajuiza-acao-para-proteger-area-de-preservacao-permanente-em-inhapim\/","title":{"rendered":"MPMG aju\u00edza a\u00e7\u00e3o para proteger \u00e1rea de preserva\u00e7\u00e3o permanente em Inhapim"},"content":{"rendered":"\n<p class=\"wp-block-paragraph\">O Minist\u00e9rio P\u00fablico de Minas Gerais (MPMG), por meio da 2\u00aa Promotoria de Justi\u00e7a de Inhapim, ajuizou uma <strong>A\u00e7\u00e3o Civil P\u00fablica em defesa do meio ambiente<\/strong> ap\u00f3s identificar uma poss\u00edvel interven\u00e7\u00e3o irregular em uma \u00c1rea de Preserva\u00e7\u00e3o Permanente (APP), na Rua Valdir Jos\u00e9 Ferreira de Amorim, em Inhapim.<\/p>\n\n\n\n<p class=\"wp-block-paragraph\">A den\u00fancia chegou \u00e0s autoridades por meio da <strong>Den\u00fancia de Balc\u00e3o n\u00ba 726\/2026<\/strong>, que resultou em uma fiscaliza\u00e7\u00e3o da Pol\u00edcia Militar de Meio Ambiente. Durante a vistoria, os agentes encontraram uma resid\u00eancia de alvenaria constru\u00edda a aproximadamente <strong>2,5 metros de um c\u00f3rrego com cerca de tr\u00eas metros de largura<\/strong>.<\/p>\n\n\n\n<p class=\"wp-block-paragraph\">A \u00e1rea afetada pela interven\u00e7\u00e3o foi estimada em aproximadamente <strong>0,0084 hectare<\/strong>. Conforme registrado na fiscaliza\u00e7\u00e3o, a constru\u00e7\u00e3o estaria dificultando a regenera\u00e7\u00e3o natural da vegeta\u00e7\u00e3o e teria ocupado parte da faixa marginal protegida, al\u00e9m de envolver supress\u00e3o de cobertura vegetal.<\/p>\n\n\n\n<p class=\"wp-block-paragraph\">Ainda segundo os levantamentos, a obra teria come\u00e7ado cerca de quatro meses antes da fiscaliza\u00e7\u00e3o e <strong>n\u00e3o possu\u00eda autoriza\u00e7\u00e3o ou documenta\u00e7\u00e3o ambiental<\/strong> que permitisse a interven\u00e7\u00e3o na APP.<\/p>\n\n\n\n<p class=\"wp-block-paragraph\">Diante das irregularidades, foi lavrado <strong>Auto de Infra\u00e7\u00e3o SISEMA no valor de R$ 2.894,95<\/strong>, com determina\u00e7\u00e3o para que a atividade fosse suspensa at\u00e9 a regulariza\u00e7\u00e3o.<\/p>\n\n\n\n<p class=\"wp-block-paragraph\">Entretanto, segundo o Minist\u00e9rio P\u00fablico, a interven\u00e7\u00e3o teria continuado mesmo ap\u00f3s a ordem administrativa de paralisa\u00e7\u00e3o, aumentando o risco de agravamento do dano ambiental e de consolida\u00e7\u00e3o da ocupa\u00e7\u00e3o irregular.<\/p>\n\n\n\n<p class=\"wp-block-paragraph\">A a\u00e7\u00e3o foi ajuizada contra o <strong>respons\u00e1vel pela constru\u00e7\u00e3o e o Munic\u00edpio de Inhapim<\/strong>. O MPMG aponta, em rela\u00e7\u00e3o ao munic\u00edpio, poss\u00edvel omiss\u00e3o no exerc\u00edcio do poder de pol\u00edcia administrativa e na fiscaliza\u00e7\u00e3o do uso e ocupa\u00e7\u00e3o do solo urbano.<\/p>\n\n\n\n<p class=\"wp-block-paragraph\">Em car\u00e1ter de urg\u00eancia, o Minist\u00e9rio P\u00fablico pediu \u00e0 Justi\u00e7a que o respons\u00e1vel seja impedido de realizar ou permitir novas obras e interven\u00e7\u00f5es no local. Tamb\u00e9m solicitou que o munic\u00edpio exer\u00e7a efetivamente seu poder de fiscaliza\u00e7\u00e3o e adote as medidas necess\u00e1rias para impedir a continuidade da constru\u00e7\u00e3o.<\/p>\n\n\n\n<p class=\"wp-block-paragraph\">De acordo com o promotor de Justi\u00e7a <strong>Jonas Junio Linhares Costa Monteiro<\/strong>, a iniciativa busca garantir a prote\u00e7\u00e3o das \u00e1reas de preserva\u00e7\u00e3o permanente, evitar a consolida\u00e7\u00e3o de interven\u00e7\u00f5es irregulares e assegurar a recupera\u00e7\u00e3o da \u00e1rea ambientalmente afetada.<\/p>\n","protected":false},"excerpt":{"rendered":"<p>O Minist\u00e9rio P\u00fablico de Minas Gerais (MPMG), por meio da 2\u00aa Promotoria de Justi\u00e7a de Inhapim, ajuizou uma A\u00e7\u00e3o Civil P\u00fablica em defesa do meio ambiente ap\u00f3s identificar uma poss\u00edvel interven\u00e7\u00e3o irregular em uma \u00c1rea de Preserva\u00e7\u00e3o Permanente (APP), na Rua Valdir Jos\u00e9 Ferreira de Amorim, em Inhapim. A den\u00fancia chegou \u00e0s autoridades por meio [&hellip;]<\/p>\n","protected":false},"author":3,"featured_media":69666,"comment_status":"open","ping_status":"open","sticky":false,"template":"","format":"standard","meta":{"amp_status":"","footnotes":""},"categories":[3,14],"tags":[],"class_list":["post-69905","post","type-post","status-publish","format-standard","has-post-thumbnail","hentry","category-destaque","category-inhapim"],"jetpack_featured_media_url":"https:\/\/plantaopolicialipatinga.com.br\/site\/wp-content\/uploads\/2026\/08\/IMG_0232-1.webp","_links":{"self":[{"href":"https:\/\/plantaopolicialipatinga.com.br\/site\/index.php\/wp-json\/wp\/v2\/posts\/69905","targetHints":{"allow":["GET"]}}],"collection":[{"href":"https:\/\/plantaopolicialipatinga.com.br\/site\/index.php\/wp-json\/wp\/v2\/posts"}],"about":[{"href":"https:\/\/plantaopolicialipatinga.com.br\/site\/index.php\/wp-json\/wp\/v2\/types\/post"}],"author":[{"embeddable":true,"href":"https:\/\/plantaopolicialipatinga.com.br\/site\/index.php\/wp-json\/wp\/v2\/users\/3"}],"replies":[{"embeddable":true,"href":"https:\/\/plantaopolicialipatinga.com.br\/site\/index.php\/wp-json\/wp\/v2\/comments?post=69905"}],"version-history":[{"count":1,"href":"https:\/\/plantaopolicialipatinga.com.br\/site\/index.php\/wp-json\/wp\/v2\/posts\/69905\/revisions"}],"predecessor-version":[{"id":69906,"href":"https:\/\/plantaopolicialipatinga.com.br\/site\/index.php\/wp-json\/wp\/v2\/posts\/69905\/revisions\/69906"}],"wp:featuredmedia":[{"embeddable":true,"href":"https:\/\/plantaopolicialipatinga.com.br\/site\/index.php\/wp-json\/wp\/v2\/media\/69666"}],"wp:attachment":[{"href":"https:\/\/plantaopolicialipatinga.com.br\/site\/index.php\/wp-json\/wp\/v2\/media?parent=69905"}],"wp:term":[{"taxonomy":"category","embeddable":true,"href":"https:\/\/plantaopolicialipatinga.com.br\/site\/index.php\/wp-json\/wp\/v2\/categories?post=69905"},{"taxonomy":"post_tag","embeddable":true,"href":"https:\/\/plantaopolicialipatinga.com.br\/site\/index.php\/wp-json\/wp\/v2\/tags?post=69905"}],"curies":[{"name":"wp","href":"https:\/\/api.w.org\/{rel}","templated":true}]}}