{"id":69918,"date":"2026-08-31T20:42:59","date_gmt":"2026-08-31T23:42:59","guid":{"rendered":"https:\/\/plantaopolicialipatinga.com.br\/site\/?p=69918"},"modified":"2026-08-31T20:43:00","modified_gmt":"2026-08-31T23:43:00","slug":"homem-e-preso-suspeito-de-matar-cachorro-a-golpes-de-machado-na-zona-rural-de-bugre","status":"publish","type":"post","link":"https:\/\/plantaopolicialipatinga.com.br\/site\/index.php\/2026\/08\/31\/homem-e-preso-suspeito-de-matar-cachorro-a-golpes-de-machado-na-zona-rural-de-bugre\/","title":{"rendered":"Homem \u00e9 preso suspeito de matar cachorro a golpes de machado na zona rural de Bugre"},"content":{"rendered":"\n<p class=\"wp-block-paragraph\"><strong>BUGRE<\/strong> &#8211; Um homem de 30 anos foi preso pela Pol\u00edcia Militar suspeito de matar um cachorro a golpes de machado, na zona rural de Bugre. A ocorr\u00eancia mobilizou militares do 62\u00ba Batalh\u00e3o da Pol\u00edcia Militar e foi registrada na noite de domingo (30).<\/p>\n\n\n\n<p class=\"wp-block-paragraph\">Segundo informa\u00e7\u00f5es registradas pela PM, o suspeito teria atacado o animal depois de encontrar outros c\u00e3es avan\u00e7ando contra seu cachorro, um filhote de aproximadamente tr\u00eas a quatro meses. Conforme relatado pelo pr\u00f3prio homem, ele teria presenciado os c\u00e3es atacando o filhote dentro de sua propriedade.<\/p>\n\n\n\n<p class=\"wp-block-paragraph\">Ainda segundo a vers\u00e3o apresentada pelo suspeito, tomado pela raiva e preocupado com o cachorro, ele pegou um machado e correu atr\u00e1s dos animais. Em determinado momento, um dos c\u00e3es teria parado em sua frente, quando ele lan\u00e7ou o machado contra o animal, atingindo-o e provocando sua morte.<\/p>\n\n\n\n<p class=\"wp-block-paragraph\">O machado apontado como sendo utilizado no ataque foi localizado e apreendido pelos policiais.<\/p>\n\n\n\n<p class=\"wp-block-paragraph\">Ap\u00f3s a pris\u00e3o, o homem foi encaminhado para a Delegacia de Pol\u00edcia Civil de Ipatinga, juntamente com o objeto apreendido, para as provid\u00eancias cab\u00edveis.<\/p>\n\n\n\n<p class=\"wp-block-paragraph\"><strong>Suspeito afirma que agiu ap\u00f3s cachorro ser atacado<\/strong><\/p>\n\n\n\n<p class=\"wp-block-paragraph\">Em entrevista, Gabriel Felipe, de 30 anos, confirmou ter atingido o cachorro com o machado, mas afirmou que n\u00e3o tinha inicialmente a inten\u00e7\u00e3o de matar o animal.<\/p>\n\n\n\n<p class=\"wp-block-paragraph\">Segundo ele, seu filhote havia sido atacado por um grupo de c\u00e3es que costuma circular pela regi\u00e3o. O homem contou que tentou proteger o cachorro e, depois que os animais fugiram, pegou o machado e saiu atr\u00e1s deles.<\/p>\n\n\n\n<p class=\"wp-block-paragraph\">\u201cNaquela raiva, naquele rompante de raiva ali pelo meu bichinho\u201d, afirmou.<\/p>\n\n\n\n<p class=\"wp-block-paragraph\">Gabriel disse ainda que ficou revoltado ao ver o filhote sendo atacado e alegou que sua rea\u00e7\u00e3o ocorreu no calor do momento.<\/p>\n\n\n\n<p class=\"wp-block-paragraph\">Ele tamb\u00e9m afirmou que os policiais foram respeitosos durante a abordagem e que explicou a eles sua vers\u00e3o sobre o ocorrido.<\/p>\n\n\n\n<p class=\"wp-block-paragraph\">O suspeito declarou esperar uma decis\u00e3o favor\u00e1vel durante a audi\u00eancia de cust\u00f3dia e disse que pretende retornar ao trabalho na zona rural, onde cultiva hortali\u00e7as e melancia.<\/p>\n\n\n\n<p class=\"wp-block-paragraph\">A vers\u00e3o apresentada pelo preso ser\u00e1 analisada pelas autoridades respons\u00e1veis pelo caso. <strong>A investiga\u00e7\u00e3o dever\u00e1 apurar as circunst\u00e2ncias da morte do animal e a responsabilidade criminal do suspeito.<\/strong><\/p>\n","protected":false},"excerpt":{"rendered":"<p>BUGRE &#8211; Um homem de 30 anos foi preso pela Pol\u00edcia Militar suspeito de matar um cachorro a golpes de machado, na zona rural de Bugre. A ocorr\u00eancia mobilizou militares do 62\u00ba Batalh\u00e3o da Pol\u00edcia Militar e foi registrada na noite de domingo (30). Segundo informa\u00e7\u00f5es registradas pela PM, o suspeito teria atacado o animal [&hellip;]<\/p>\n","protected":false},"author":3,"featured_media":69919,"comment_status":"open","ping_status":"open","sticky":false,"template":"","format":"standard","meta":{"amp_status":"","footnotes":""},"categories":[3,8],"tags":[],"class_list":["post-69918","post","type-post","status-publish","format-standard","has-post-thumbnail","hentry","category-destaque","category-outras-cidades"],"jetpack_featured_media_url":"https:\/\/plantaopolicialipatinga.com.br\/site\/wp-content\/uploads\/2026\/08\/IMG_3943.jpeg","_links":{"self":[{"href":"https:\/\/plantaopolicialipatinga.com.br\/site\/index.php\/wp-json\/wp\/v2\/posts\/69918","targetHints":{"allow":["GET"]}}],"collection":[{"href":"https:\/\/plantaopolicialipatinga.com.br\/site\/index.php\/wp-json\/wp\/v2\/posts"}],"about":[{"href":"https:\/\/plantaopolicialipatinga.com.br\/site\/index.php\/wp-json\/wp\/v2\/types\/post"}],"author":[{"embeddable":true,"href":"https:\/\/plantaopolicialipatinga.com.br\/site\/index.php\/wp-json\/wp\/v2\/users\/3"}],"replies":[{"embeddable":true,"href":"https:\/\/plantaopolicialipatinga.com.br\/site\/index.php\/wp-json\/wp\/v2\/comments?post=69918"}],"version-history":[{"count":1,"href":"https:\/\/plantaopolicialipatinga.com.br\/site\/index.php\/wp-json\/wp\/v2\/posts\/69918\/revisions"}],"predecessor-version":[{"id":69920,"href":"https:\/\/plantaopolicialipatinga.com.br\/site\/index.php\/wp-json\/wp\/v2\/posts\/69918\/revisions\/69920"}],"wp:featuredmedia":[{"embeddable":true,"href":"https:\/\/plantaopolicialipatinga.com.br\/site\/index.php\/wp-json\/wp\/v2\/media\/69919"}],"wp:attachment":[{"href":"https:\/\/plantaopolicialipatinga.com.br\/site\/index.php\/wp-json\/wp\/v2\/media?parent=69918"}],"wp:term":[{"taxonomy":"category","embeddable":true,"href":"https:\/\/plantaopolicialipatinga.com.br\/site\/index.php\/wp-json\/wp\/v2\/categories?post=69918"},{"taxonomy":"post_tag","embeddable":true,"href":"https:\/\/plantaopolicialipatinga.com.br\/site\/index.php\/wp-json\/wp\/v2\/tags?post=69918"}],"curies":[{"name":"wp","href":"https:\/\/api.w.org\/{rel}","templated":true}]}}