{"id":69921,"date":"2026-08-31T21:09:19","date_gmt":"2026-09-01T00:09:19","guid":{"rendered":"https:\/\/plantaopolicialipatinga.com.br\/site\/?p=69921"},"modified":"2026-08-31T21:15:33","modified_gmt":"2026-09-01T00:15:33","slug":"jovem-e-preso-com-revolver-calibre-38-escondido-embaixo-da-cama-no-bairro-betania-em-ipatinga","status":"publish","type":"post","link":"https:\/\/plantaopolicialipatinga.com.br\/site\/index.php\/2026\/08\/31\/jovem-e-preso-com-revolver-calibre-38-escondido-embaixo-da-cama-no-bairro-betania-em-ipatinga\/","title":{"rendered":"Jovem \u00e9 preso com rev\u00f3lver calibre 38 escondido embaixo da cama no bairro Beth\u00e2nia, em Ipatinga"},"content":{"rendered":"\n<p class=\"wp-block-paragraph\"><strong>IPATINGA<\/strong> &#8211; Um jovem de 27 anos foi preso em flagrante durante a madrugada desta segunda-feira (31), suspeito de posse ilegal de arma de fogo, no bairro Beth\u00e2nia, em Ipatinga. A ocorr\u00eancia foi atendida por militares do 14\u00ba Batalh\u00e3o da Pol\u00edcia Militar.<\/p>\n\n\n\n<p class=\"wp-block-paragraph\">Durante as buscas em uma resid\u00eancia, os policiais localizaram um <strong>rev\u00f3lver calibre 38 escondido embaixo de uma cama<\/strong>. A arma estava municiada com seis cartuchos. Outras duas muni\u00e7\u00f5es do mesmo calibre tamb\u00e9m foram encontradas no im\u00f3vel, totalizando <strong>oito cartuchos apreendidos<\/strong>.<\/p>\n\n\n\n<p class=\"wp-block-paragraph\">Segundo a Pol\u00edcia Militar, o jovem, identificado como Rafael, de 27 anos, assumiu a propriedade da arma e das muni\u00e7\u00f5es. Ele recebeu voz de pris\u00e3o em flagrante e foi encaminhado, juntamente com o material apreendido, para a Delegacia de Pol\u00edcia Civil de Ipatinga.<\/p>\n\n\n\n<p class=\"wp-block-paragraph\"><strong>Preso afirma que comprou arma ap\u00f3s sofrer amea\u00e7as<\/strong><\/p>\n\n\n\n<p class=\"wp-block-paragraph\">Durante entrevista ao <em>Plant\u00e3o Policial<\/em>, Rafael afirmou que adquiriu o rev\u00f3lver h\u00e1 cerca de um ano, quando ainda morava em Caratinga. Segundo ele, a compra ocorreu ap\u00f3s ter sido amea\u00e7ado de morte.<\/p>\n\n\n\n<p class=\"wp-block-paragraph\">\u201cEu comprei essa arma e fiquei com ela pela minha seguran\u00e7a. N\u00e3o tenho inten\u00e7\u00e3o de matar ningu\u00e9m. Nunca matei ningu\u00e9m, n\u00e3o tenho homic\u00eddio. \u00c9 para minha defesa pessoal.\u201d<\/p>\n\n\n\n<p class=\"wp-block-paragraph\">O jovem contou que deixou Caratinga e est\u00e1 morando no Vale do A\u00e7o h\u00e1 aproximadamente dois meses, onde vive com a namorada. Ele disse ainda que n\u00e3o costumava portar a arma no dia a dia, mas a levava consigo quando precisava se deslocar para Caratinga por medo das amea\u00e7as.<\/p>\n\n\n\n<p class=\"wp-block-paragraph\">Rafael relatou que teria sido amea\u00e7ado por pessoas com quem j\u00e1 havia se envolvido em uma confus\u00e3o e que teria ouvido amea\u00e7as de morte.<\/p>\n\n\n\n<p class=\"wp-block-paragraph\">Apesar de ter sido preso, o jovem informou que <strong>j\u00e1 pagou a fian\u00e7a<\/strong> e aguardava a libera\u00e7\u00e3o.<\/p>\n\n\n\n<p class=\"wp-block-paragraph\">O caso ser\u00e1 acompanhado pelas autoridades competentes, que dever\u00e3o apurar as circunst\u00e2ncias da posse da arma e das muni\u00e7\u00f5es.<\/p>\n","protected":false},"excerpt":{"rendered":"<p>IPATINGA &#8211; Um jovem de 27 anos foi preso em flagrante durante a madrugada desta segunda-feira (31), suspeito de posse ilegal de arma de fogo, no bairro Beth\u00e2nia, em Ipatinga. A ocorr\u00eancia foi atendida por militares do 14\u00ba Batalh\u00e3o da Pol\u00edcia Militar. Durante as buscas em uma resid\u00eancia, os policiais localizaram um rev\u00f3lver calibre 38 [&hellip;]<\/p>\n","protected":false},"author":3,"featured_media":69555,"comment_status":"open","ping_status":"open","sticky":false,"template":"","format":"standard","meta":{"amp_status":"","footnotes":""},"categories":[20],"tags":[],"class_list":["post-69921","post","type-post","status-publish","format-standard","has-post-thumbnail","hentry","category-ipatinga"],"jetpack_featured_media_url":"https:\/\/plantaopolicialipatinga.com.br\/site\/wp-content\/uploads\/2026\/08\/IMG_0035.jpeg","_links":{"self":[{"href":"https:\/\/plantaopolicialipatinga.com.br\/site\/index.php\/wp-json\/wp\/v2\/posts\/69921","targetHints":{"allow":["GET"]}}],"collection":[{"href":"https:\/\/plantaopolicialipatinga.com.br\/site\/index.php\/wp-json\/wp\/v2\/posts"}],"about":[{"href":"https:\/\/plantaopolicialipatinga.com.br\/site\/index.php\/wp-json\/wp\/v2\/types\/post"}],"author":[{"embeddable":true,"href":"https:\/\/plantaopolicialipatinga.com.br\/site\/index.php\/wp-json\/wp\/v2\/users\/3"}],"replies":[{"embeddable":true,"href":"https:\/\/plantaopolicialipatinga.com.br\/site\/index.php\/wp-json\/wp\/v2\/comments?post=69921"}],"version-history":[{"count":3,"href":"https:\/\/plantaopolicialipatinga.com.br\/site\/index.php\/wp-json\/wp\/v2\/posts\/69921\/revisions"}],"predecessor-version":[{"id":69924,"href":"https:\/\/plantaopolicialipatinga.com.br\/site\/index.php\/wp-json\/wp\/v2\/posts\/69921\/revisions\/69924"}],"wp:featuredmedia":[{"embeddable":true,"href":"https:\/\/plantaopolicialipatinga.com.br\/site\/index.php\/wp-json\/wp\/v2\/media\/69555"}],"wp:attachment":[{"href":"https:\/\/plantaopolicialipatinga.com.br\/site\/index.php\/wp-json\/wp\/v2\/media?parent=69921"}],"wp:term":[{"taxonomy":"category","embeddable":true,"href":"https:\/\/plantaopolicialipatinga.com.br\/site\/index.php\/wp-json\/wp\/v2\/categories?post=69921"},{"taxonomy":"post_tag","embeddable":true,"href":"https:\/\/plantaopolicialipatinga.com.br\/site\/index.php\/wp-json\/wp\/v2\/tags?post=69921"}],"curies":[{"name":"wp","href":"https:\/\/api.w.org\/{rel}","templated":true}]}}