{"id":69925,"date":"2026-08-31T21:36:59","date_gmt":"2026-09-01T00:36:59","guid":{"rendered":"https:\/\/plantaopolicialipatinga.com.br\/site\/?p=69925"},"modified":"2026-08-31T21:37:00","modified_gmt":"2026-09-01T00:37:00","slug":"mulher-de-54-anos-e-presa-em-ipatinga-por-mandado-judicial-e-diz-nao-saber-que-havia-ordem-de-prisao","status":"publish","type":"post","link":"https:\/\/plantaopolicialipatinga.com.br\/site\/index.php\/2026\/08\/31\/mulher-de-54-anos-e-presa-em-ipatinga-por-mandado-judicial-e-diz-nao-saber-que-havia-ordem-de-prisao\/","title":{"rendered":"Mulher de 54 anos \u00e9 presa em Ipatinga por mandado judicial e diz n\u00e3o saber que havia ordem de pris\u00e3o"},"content":{"rendered":"\n<p class=\"wp-block-paragraph\"><strong>IPATINGA &#8211; <\/strong>Uma mulher de 54 anos foi presa pela Pol\u00edcia Militar neste domingo (30), no bairro Cana\u00e3, em Ipatinga, durante o cumprimento de um mandado de pris\u00e3o expedido pela Justi\u00e7a.<\/p>\n\n\n\n<p class=\"wp-block-paragraph\">Segundo a Pol\u00edcia Militar, os militares receberam informa\u00e7\u00f5es sobre a exist\u00eancia da ordem judicial e foram at\u00e9 o endere\u00e7o cadastrado. A mulher foi localizada no im\u00f3vel e recebeu voz de pris\u00e3o.<\/p>\n\n\n\n<p class=\"wp-block-paragraph\">O mandado foi expedido pela Vara de Execu\u00e7\u00f5es Penais, Precat\u00f3rias Criminais e do Tribunal do J\u00fari da Comarca de Ipatinga.<\/p>\n\n\n\n<p class=\"wp-block-paragraph\">A pris\u00e3o est\u00e1 relacionada a um epis\u00f3dio ocorrido h\u00e1 cerca de tr\u00eas anos. Na ocasi\u00e3o, segundo o registro da ocorr\u00eancia, a mulher teria sido detida ap\u00f3s ser flagrada tentando furtar produtos de um supermercado localizado no bairro Cana\u00e3.<\/p>\n\n\n\n<p class=\"wp-block-paragraph\">Ainda conforme as informa\u00e7\u00f5es da \u00e9poca, seguran\u00e7as do estabelecimento teriam percebido a a\u00e7\u00e3o por meio das c\u00e2meras de seguran\u00e7a, abordado a suspeita e acionado a Pol\u00edcia Militar. Os produtos teriam sido recuperados.<\/p>\n\n\n\n<p class=\"wp-block-paragraph\">Ap\u00f3s a pris\u00e3o deste domingo, a mulher foi encaminhada para a Delegacia de Pol\u00edcia Civil, onde foram adotadas as provid\u00eancias cab\u00edveis.<\/p>\n\n\n\n<p class=\"wp-block-paragraph\">Em entrevista ao <strong>Plant\u00e3o Policial<\/strong>, Ant\u00f4nia Gomes Rodrigues da Silva, de 54 anos, afirmou que n\u00e3o sabia da exist\u00eancia do mandado de pris\u00e3o. Ela contou que, na \u00e9poca do furto, passava por dificuldades financeiras e levou do supermercado produtos como shampoo, condicionador e chocolate.<\/p>\n\n\n\n<p class=\"wp-block-paragraph\">\u201cEu estava passando dificuldade, mas eu peguei. Eu me arrependi. N\u00e3o fa\u00e7o mais n\u00e3o.\u201d<\/p>\n\n\n\n<p class=\"wp-block-paragraph\">Ant\u00f4nia disse ainda que pretendia pedir ajuda \u00e0 filha para pagar pelos produtos, mas que os funcion\u00e1rios acionaram a pol\u00edcia antes que isso acontecesse.<\/p>\n\n\n\n<p class=\"wp-block-paragraph\">Segundo ela, ap\u00f3s ser conduzida \u00e0 delegacia h\u00e1 cerca de tr\u00eas anos, foi ouvida e acabou liberada. A mulher afirmou que, na ocasi\u00e3o, recebeu orienta\u00e7\u00e3o de um advogado e ficou com a impress\u00e3o de que a situa\u00e7\u00e3o estava resolvida.<\/p>\n\n\n\n<p class=\"wp-block-paragraph\">Ela declarou que n\u00e3o recebeu informa\u00e7\u00f5es posteriores sobre a necessidade de comparecer ao f\u00f3rum, assinar documentos ou cumprir alguma determina\u00e7\u00e3o judicial.<\/p>\n\n\n\n<p class=\"wp-block-paragraph\">Ant\u00f4nia relatou que a pris\u00e3o foi uma surpresa e que, naquele domingo, pretendia ir \u00e0 igreja. Ela tamb\u00e9m trabalha com fam\u00edlias e afirmou que a pris\u00e3o acabou impedindo que cumprisse seus compromissos profissionais.<\/p>\n\n\n\n<p class=\"wp-block-paragraph\">A mulher agora dever\u00e1 passar pelos procedimentos judiciais relacionados ao cumprimento do mandado. A situa\u00e7\u00e3o ser\u00e1 analisada pela Justi\u00e7a, que dever\u00e1 verificar as circunst\u00e2ncias que levaram \u00e0 expedi\u00e7\u00e3o da ordem de pris\u00e3o e eventuais pend\u00eancias relacionadas ao processo.<\/p>\n","protected":false},"excerpt":{"rendered":"<p>IPATINGA &#8211; Uma mulher de 54 anos foi presa pela Pol\u00edcia Militar neste domingo (30), no bairro Cana\u00e3, em Ipatinga, durante o cumprimento de um mandado de pris\u00e3o expedido pela Justi\u00e7a. Segundo a Pol\u00edcia Militar, os militares receberam informa\u00e7\u00f5es sobre a exist\u00eancia da ordem judicial e foram at\u00e9 o endere\u00e7o cadastrado. A mulher foi localizada [&hellip;]<\/p>\n","protected":false},"author":3,"featured_media":69555,"comment_status":"open","ping_status":"open","sticky":false,"template":"","format":"standard","meta":{"amp_status":"","footnotes":""},"categories":[20],"tags":[],"class_list":["post-69925","post","type-post","status-publish","format-standard","has-post-thumbnail","hentry","category-ipatinga"],"jetpack_featured_media_url":"https:\/\/plantaopolicialipatinga.com.br\/site\/wp-content\/uploads\/2026\/08\/IMG_0035.jpeg","_links":{"self":[{"href":"https:\/\/plantaopolicialipatinga.com.br\/site\/index.php\/wp-json\/wp\/v2\/posts\/69925","targetHints":{"allow":["GET"]}}],"collection":[{"href":"https:\/\/plantaopolicialipatinga.com.br\/site\/index.php\/wp-json\/wp\/v2\/posts"}],"about":[{"href":"https:\/\/plantaopolicialipatinga.com.br\/site\/index.php\/wp-json\/wp\/v2\/types\/post"}],"author":[{"embeddable":true,"href":"https:\/\/plantaopolicialipatinga.com.br\/site\/index.php\/wp-json\/wp\/v2\/users\/3"}],"replies":[{"embeddable":true,"href":"https:\/\/plantaopolicialipatinga.com.br\/site\/index.php\/wp-json\/wp\/v2\/comments?post=69925"}],"version-history":[{"count":1,"href":"https:\/\/plantaopolicialipatinga.com.br\/site\/index.php\/wp-json\/wp\/v2\/posts\/69925\/revisions"}],"predecessor-version":[{"id":69926,"href":"https:\/\/plantaopolicialipatinga.com.br\/site\/index.php\/wp-json\/wp\/v2\/posts\/69925\/revisions\/69926"}],"wp:featuredmedia":[{"embeddable":true,"href":"https:\/\/plantaopolicialipatinga.com.br\/site\/index.php\/wp-json\/wp\/v2\/media\/69555"}],"wp:attachment":[{"href":"https:\/\/plantaopolicialipatinga.com.br\/site\/index.php\/wp-json\/wp\/v2\/media?parent=69925"}],"wp:term":[{"taxonomy":"category","embeddable":true,"href":"https:\/\/plantaopolicialipatinga.com.br\/site\/index.php\/wp-json\/wp\/v2\/categories?post=69925"},{"taxonomy":"post_tag","embeddable":true,"href":"https:\/\/plantaopolicialipatinga.com.br\/site\/index.php\/wp-json\/wp\/v2\/tags?post=69925"}],"curies":[{"name":"wp","href":"https:\/\/api.w.org\/{rel}","templated":true}]}}