{"id":69933,"date":"2026-09-01T11:32:48","date_gmt":"2026-09-01T14:32:48","guid":{"rendered":"https:\/\/plantaopolicialipatinga.com.br\/site\/?p=69933"},"modified":"2026-09-01T11:32:52","modified_gmt":"2026-09-01T14:32:52","slug":"homem-e-preso-suspeito-de-atear-fogo-em-caixas-de-papelao-proximo-a-supermercado-em-coronel-fabriciano","status":"publish","type":"post","link":"https:\/\/plantaopolicialipatinga.com.br\/site\/index.php\/2026\/09\/01\/homem-e-preso-suspeito-de-atear-fogo-em-caixas-de-papelao-proximo-a-supermercado-em-coronel-fabriciano\/","title":{"rendered":"Homem \u00e9 preso suspeito de atear fogo em caixas de papel\u00e3o pr\u00f3ximo a supermercado em Coronel Fabriciano"},"content":{"rendered":"\n<p class=\"wp-block-paragraph\"><strong>CORONEL FABRICIANO<\/strong> &#8211; Coronel Fabriciano \u2013 Um homem foi preso pela Pol\u00edcia Militar na noite desta segunda-feira (31), suspeito de atear fogo em caixas de papel\u00e3o na \u00e1rea externa de um supermercado, na Avenida Brasil, no bairro Santa Cruz, em Coronel Fabriciano.<\/p>\n\n\n\n<p class=\"wp-block-paragraph\">Segundo testemunhas, o suspeito teria passado pelo local e colocado fogo em algumas caixas de papel\u00e3o. As chamas se propagaram rapidamente e consumiram os materiais que estavam pr\u00f3ximos ao estabelecimento.<\/p>\n\n\n\n<p class=\"wp-block-paragraph\">A Pol\u00edcia Militar foi acionada para atender \u00e0 ocorr\u00eancia e, durante o rastreamento nas proximidades, os militares localizaram o homem apontado como suspeito.<\/p>\n\n\n\n<p class=\"wp-block-paragraph\">Ele foi detido e encaminhado \u00e0 Delegacia de Plant\u00e3o da Pol\u00edcia Civil, em Ipatinga, onde foram adotadas as provid\u00eancias cab\u00edveis.<\/p>\n\n\n\n<p class=\"wp-block-paragraph\">As circunst\u00e2ncias e a motiva\u00e7\u00e3o do inc\u00eandio ser\u00e3o apuradas pela Pol\u00edcia Civil.<\/p>\n","protected":false},"excerpt":{"rendered":"<p>CORONEL FABRICIANO &#8211; Coronel Fabriciano \u2013 Um homem foi preso pela Pol\u00edcia Militar na noite desta segunda-feira (31), suspeito de atear fogo em caixas de papel\u00e3o na \u00e1rea externa de um supermercado, na Avenida Brasil, no bairro Santa Cruz, em Coronel Fabriciano. Segundo testemunhas, o suspeito teria passado pelo local e colocado fogo em algumas [&hellip;]<\/p>\n","protected":false},"author":3,"featured_media":69934,"comment_status":"open","ping_status":"open","sticky":false,"template":"","format":"standard","meta":{"amp_status":"","footnotes":""},"categories":[6,3],"tags":[],"class_list":["post-69933","post","type-post","status-publish","format-standard","has-post-thumbnail","hentry","category-coronel-fabriciano","category-destaque"],"jetpack_featured_media_url":"https:\/\/plantaopolicialipatinga.com.br\/site\/wp-content\/uploads\/2026\/09\/IMG_2466.jpeg","_links":{"self":[{"href":"https:\/\/plantaopolicialipatinga.com.br\/site\/index.php\/wp-json\/wp\/v2\/posts\/69933","targetHints":{"allow":["GET"]}}],"collection":[{"href":"https:\/\/plantaopolicialipatinga.com.br\/site\/index.php\/wp-json\/wp\/v2\/posts"}],"about":[{"href":"https:\/\/plantaopolicialipatinga.com.br\/site\/index.php\/wp-json\/wp\/v2\/types\/post"}],"author":[{"embeddable":true,"href":"https:\/\/plantaopolicialipatinga.com.br\/site\/index.php\/wp-json\/wp\/v2\/users\/3"}],"replies":[{"embeddable":true,"href":"https:\/\/plantaopolicialipatinga.com.br\/site\/index.php\/wp-json\/wp\/v2\/comments?post=69933"}],"version-history":[{"count":1,"href":"https:\/\/plantaopolicialipatinga.com.br\/site\/index.php\/wp-json\/wp\/v2\/posts\/69933\/revisions"}],"predecessor-version":[{"id":69935,"href":"https:\/\/plantaopolicialipatinga.com.br\/site\/index.php\/wp-json\/wp\/v2\/posts\/69933\/revisions\/69935"}],"wp:featuredmedia":[{"embeddable":true,"href":"https:\/\/plantaopolicialipatinga.com.br\/site\/index.php\/wp-json\/wp\/v2\/media\/69934"}],"wp:attachment":[{"href":"https:\/\/plantaopolicialipatinga.com.br\/site\/index.php\/wp-json\/wp\/v2\/media?parent=69933"}],"wp:term":[{"taxonomy":"category","embeddable":true,"href":"https:\/\/plantaopolicialipatinga.com.br\/site\/index.php\/wp-json\/wp\/v2\/categories?post=69933"},{"taxonomy":"post_tag","embeddable":true,"href":"https:\/\/plantaopolicialipatinga.com.br\/site\/index.php\/wp-json\/wp\/v2\/tags?post=69933"}],"curies":[{"name":"wp","href":"https:\/\/api.w.org\/{rel}","templated":true}]}}