{"id":69936,"date":"2026-09-01T11:45:58","date_gmt":"2026-09-01T14:45:58","guid":{"rendered":"https:\/\/plantaopolicialipatinga.com.br\/site\/?p=69936"},"modified":"2026-09-01T11:46:01","modified_gmt":"2026-09-01T14:46:01","slug":"policia-militar-prende-dois-suspeitos-de-homicidio-em-coronel-fabriciano","status":"publish","type":"post","link":"https:\/\/plantaopolicialipatinga.com.br\/site\/index.php\/2026\/09\/01\/policia-militar-prende-dois-suspeitos-de-homicidio-em-coronel-fabriciano\/","title":{"rendered":"Pol\u00edcia Militar prende dois suspeitos de homic\u00eddio em Coronel Fabriciano"},"content":{"rendered":"\n<p class=\"wp-block-paragraph\"><strong>CORONEL FABRICIANO<\/strong> &#8211; Dois homens, de 20 e 29 anos, foram presos pela Pol\u00edcia Militar suspeitos de envolvimento na morte de Denis Roger Ramos Arruda, de 28 anos, assassinado a tiros no bairro Mangueiras, em Coronel Fabriciano.<\/p>\n\n\n\n<p class=\"wp-block-paragraph\">Segundo informa\u00e7\u00f5es apuradas pela reportagem da Vanguarda FM, o crime ocorreu ap\u00f3s uma confraterniza\u00e7\u00e3o realizada em um bar localizado na Avenida Presidente Juscelino Kubitschek, onde um grupo comemorava a final de um campeonato de futsal.<\/p>\n\n\n\n<p class=\"wp-block-paragraph\">Ainda conforme os relatos, os suspeitos chegaram ao estabelecimento em uma motocicleta, perguntaram aos presentes de qual bairro o grupo era e, em seguida, efetuaram v\u00e1rios disparos contra Denis. Ap\u00f3s o ataque, os criminosos fugiram em dire\u00e7\u00e3o \u00e0 regi\u00e3o central da cidade.<\/p>\n\n\n\n<p class=\"wp-block-paragraph\">A v\u00edtima foi socorrida e encaminhada ao Hospital Unimed, mas n\u00e3o resistiu aos ferimentos e morreu.<\/p>\n\n\n\n<p class=\"wp-block-paragraph\">Ap\u00f3s os trabalhos iniciais no local do crime, equipes da Pol\u00edcia Militar iniciaram dilig\u00eancias e conseguiram localizar dois suspeitos na regi\u00e3o do bairro Aparecida do Norte. De acordo com a PM, os homens ainda tentaram fugir durante a abordagem, mas foram detidos.<\/p>\n\n\n\n<p class=\"wp-block-paragraph\">Durante a a\u00e7\u00e3o, os militares apreenderam duas pistolas calibre .380. A motocicleta que teria sido utilizada no homic\u00eddio tamb\u00e9m foi localizada e, segundo a pol\u00edcia, possu\u00eda queixa de furto registrada no dia 18 de agosto.<\/p>\n\n\n\n<p class=\"wp-block-paragraph\">Os dois suspeitos foram encaminhados para a Delegacia de Plant\u00e3o da Pol\u00edcia Civil, em Ipatinga, onde ficaram \u00e0 disposi\u00e7\u00e3o da autoridade policial.<\/p>\n\n\n\n<p class=\"wp-block-paragraph\">A motiva\u00e7\u00e3o do homic\u00eddio e a participa\u00e7\u00e3o individual dos suspeitos ainda ser\u00e3o investigadas pela Pol\u00edcia Civil.<\/p>\n\n\n\n<figure class=\"wp-block-image size-large\"><img loading=\"lazy\" decoding=\"async\" width=\"1024\" height=\"894\" src=\"https:\/\/plantaopolicialipatinga.com.br\/site\/wp-content\/uploads\/2026\/09\/1D8F7DF6-303E-4D94-9765-4D27785F28EC-1024x894.jpeg\" alt=\"\" class=\"wp-image-69937\" srcset=\"https:\/\/plantaopolicialipatinga.com.br\/site\/wp-content\/uploads\/2026\/09\/1D8F7DF6-303E-4D94-9765-4D27785F28EC-1024x894.jpeg 1024w, https:\/\/plantaopolicialipatinga.com.br\/site\/wp-content\/uploads\/2026\/09\/1D8F7DF6-303E-4D94-9765-4D27785F28EC-300x262.jpeg 300w, https:\/\/plantaopolicialipatinga.com.br\/site\/wp-content\/uploads\/2026\/09\/1D8F7DF6-303E-4D94-9765-4D27785F28EC-768x671.jpeg 768w, https:\/\/plantaopolicialipatinga.com.br\/site\/wp-content\/uploads\/2026\/09\/1D8F7DF6-303E-4D94-9765-4D27785F28EC-696x608.jpeg 696w, https:\/\/plantaopolicialipatinga.com.br\/site\/wp-content\/uploads\/2026\/09\/1D8F7DF6-303E-4D94-9765-4D27785F28EC-1068x933.jpeg 1068w, https:\/\/plantaopolicialipatinga.com.br\/site\/wp-content\/uploads\/2026\/09\/1D8F7DF6-303E-4D94-9765-4D27785F28EC-481x420.jpeg 481w, https:\/\/plantaopolicialipatinga.com.br\/site\/wp-content\/uploads\/2026\/09\/1D8F7DF6-303E-4D94-9765-4D27785F28EC.jpeg 1320w\" sizes=\"auto, (max-width: 1024px) 100vw, 1024px\" \/><figcaption class=\"wp-element-caption\"><em><strong>Divulga\u00e7\u00e3o da PMMG <\/strong><\/em><\/figcaption><\/figure>\n","protected":false},"excerpt":{"rendered":"<p>CORONEL FABRICIANO &#8211; Dois homens, de 20 e 29 anos, foram presos pela Pol\u00edcia Militar suspeitos de envolvimento na morte de Denis Roger Ramos Arruda, de 28 anos, assassinado a tiros no bairro Mangueiras, em Coronel Fabriciano. Segundo informa\u00e7\u00f5es apuradas pela reportagem da Vanguarda FM, o crime ocorreu ap\u00f3s uma confraterniza\u00e7\u00e3o realizada em um bar [&hellip;]<\/p>\n","protected":false},"author":3,"featured_media":69937,"comment_status":"open","ping_status":"open","sticky":false,"template":"","format":"standard","meta":{"amp_status":"","footnotes":""},"categories":[6,3],"tags":[],"class_list":["post-69936","post","type-post","status-publish","format-standard","has-post-thumbnail","hentry","category-coronel-fabriciano","category-destaque"],"jetpack_featured_media_url":"https:\/\/plantaopolicialipatinga.com.br\/site\/wp-content\/uploads\/2026\/09\/1D8F7DF6-303E-4D94-9765-4D27785F28EC.jpeg","_links":{"self":[{"href":"https:\/\/plantaopolicialipatinga.com.br\/site\/index.php\/wp-json\/wp\/v2\/posts\/69936","targetHints":{"allow":["GET"]}}],"collection":[{"href":"https:\/\/plantaopolicialipatinga.com.br\/site\/index.php\/wp-json\/wp\/v2\/posts"}],"about":[{"href":"https:\/\/plantaopolicialipatinga.com.br\/site\/index.php\/wp-json\/wp\/v2\/types\/post"}],"author":[{"embeddable":true,"href":"https:\/\/plantaopolicialipatinga.com.br\/site\/index.php\/wp-json\/wp\/v2\/users\/3"}],"replies":[{"embeddable":true,"href":"https:\/\/plantaopolicialipatinga.com.br\/site\/index.php\/wp-json\/wp\/v2\/comments?post=69936"}],"version-history":[{"count":1,"href":"https:\/\/plantaopolicialipatinga.com.br\/site\/index.php\/wp-json\/wp\/v2\/posts\/69936\/revisions"}],"predecessor-version":[{"id":69938,"href":"https:\/\/plantaopolicialipatinga.com.br\/site\/index.php\/wp-json\/wp\/v2\/posts\/69936\/revisions\/69938"}],"wp:featuredmedia":[{"embeddable":true,"href":"https:\/\/plantaopolicialipatinga.com.br\/site\/index.php\/wp-json\/wp\/v2\/media\/69937"}],"wp:attachment":[{"href":"https:\/\/plantaopolicialipatinga.com.br\/site\/index.php\/wp-json\/wp\/v2\/media?parent=69936"}],"wp:term":[{"taxonomy":"category","embeddable":true,"href":"https:\/\/plantaopolicialipatinga.com.br\/site\/index.php\/wp-json\/wp\/v2\/categories?post=69936"},{"taxonomy":"post_tag","embeddable":true,"href":"https:\/\/plantaopolicialipatinga.com.br\/site\/index.php\/wp-json\/wp\/v2\/tags?post=69936"}],"curies":[{"name":"wp","href":"https:\/\/api.w.org\/{rel}","templated":true}]}}