{"id":69958,"date":"2026-09-02T08:27:28","date_gmt":"2026-09-02T11:27:28","guid":{"rendered":"https:\/\/plantaopolicialipatinga.com.br\/site\/?p=69958"},"modified":"2026-09-02T08:33:05","modified_gmt":"2026-09-02T11:33:05","slug":"pf-combate-o-contrabando-de-migrantes-com-a-operacao-chiapas-em-governador-valadaresinvestigado-e-apontado-como-responsavel-pelo-envio-ilegal-de-mais-de-230-brasileiros-aos-estados-unidos","status":"publish","type":"post","link":"https:\/\/plantaopolicialipatinga.com.br\/site\/index.php\/2026\/09\/02\/pf-combate-o-contrabando-de-migrantes-com-a-operacao-chiapas-em-governador-valadaresinvestigado-e-apontado-como-responsavel-pelo-envio-ilegal-de-mais-de-230-brasileiros-aos-estados-unidos\/","title":{"rendered":"PF combate o contrabando de migrantes com a Opera\u00e7\u00e3o Chiapas em Governador Valadares"},"content":{"rendered":"\n<blockquote class=\"wp-block-quote is-layout-flow wp-block-quote-is-layout-flow\">\n<p class=\"wp-block-paragraph\">Investigado \u00e9 apontado como respons\u00e1vel pelo envio ilegal de mais de 230 brasileiros aos Estados Unidos<br><\/p>\n<\/blockquote>\n\n\n\n<p class=\"wp-block-paragraph\">Ipatinga\/MG &#8211; Na manh\u00e3 de hoje, 2\/9, a Pol\u00edcia Federal deflagrou a Opera\u00e7\u00e3o Chiapas para combater o contrabando de migrantes, com o cumprimento de 13 mandados de busca e apreens\u00e3o na cidade de Governador Valadares\/MG, sendo nove deles para a apreens\u00e3o de ve\u00edculos objeto de sequestro judicial. Al\u00e9m das medidas de busca e apreens\u00e3o, a Justi\u00e7a autorizou o bloqueio de at\u00e9 R$ 24,3 milh\u00f5es.<\/p>\n\n\n\n<p class=\"wp-block-paragraph\">Segundo as investiga\u00e7\u00f5es, o investigado organizava toda a log\u00edstica das viagens, desde a sa\u00edda do Brasil, por via a\u00e9rea, at\u00e9 a entrada irregular nos Estados Unidos. De 2021 a 2024, ele teria enviado mais de 230 brasileiros ilegalmente para aquele pa\u00eds. O trajeto passava pela Am\u00e9rica Central, incluindo o Panam\u00e1 e o M\u00e9xico, por onde ocorria o ingresso em territ\u00f3rio norte-americano. <br><\/p>\n\n\n\n<p class=\"wp-block-paragraph\">A investiga\u00e7\u00e3o tamb\u00e9m apontou o uso de empresas de fachada e mecanismos de lavagem de dinheiro para ocultar e dissimular a origem il\u00edcita dos valores.<\/p>\n\n\n\n<p class=\"wp-block-paragraph\"><br>Durante a deflagra\u00e7\u00e3o, houve uma pris\u00e3o em flagrante por posse e porte ilegais de arma de fogo. Foram apreendidos documentos e aparelhos de telefone celular, que ser\u00e3o analisados. O preso ser\u00e1 encaminhado para o pres\u00eddio de Governador Valadares\/MG.<br>Informa\u00e7\u00f5es: Pol\u00edcia Federal<\/p>\n\n\n\n<figure class=\"wp-block-gallery has-nested-images columns-default is-cropped wp-block-gallery-1 is-layout-flex wp-block-gallery-is-layout-flex\">\n<figure class=\"wp-block-image size-large\"><img loading=\"lazy\" decoding=\"async\" width=\"720\" height=\"720\" data-id=\"69959\" src=\"https:\/\/plantaopolicialipatinga.com.br\/site\/wp-content\/uploads\/2026\/09\/IMG_2515.jpeg\" alt=\"\" class=\"wp-image-69959\" srcset=\"https:\/\/plantaopolicialipatinga.com.br\/site\/wp-content\/uploads\/2026\/09\/IMG_2515.jpeg 720w, https:\/\/plantaopolicialipatinga.com.br\/site\/wp-content\/uploads\/2026\/09\/IMG_2515-300x300.jpeg 300w, https:\/\/plantaopolicialipatinga.com.br\/site\/wp-content\/uploads\/2026\/09\/IMG_2515-150x150.jpeg 150w, https:\/\/plantaopolicialipatinga.com.br\/site\/wp-content\/uploads\/2026\/09\/IMG_2515-696x696.jpeg 696w, https:\/\/plantaopolicialipatinga.com.br\/site\/wp-content\/uploads\/2026\/09\/IMG_2515-420x420.jpeg 420w\" sizes=\"auto, (max-width: 720px) 100vw, 720px\" \/><\/figure>\n\n\n\n<figure class=\"wp-block-image size-large\"><img loading=\"lazy\" decoding=\"async\" width=\"1024\" height=\"1024\" data-id=\"69960\" src=\"https:\/\/plantaopolicialipatinga.com.br\/site\/wp-content\/uploads\/2026\/09\/IMG_2516-1024x1024.jpeg\" alt=\"\" class=\"wp-image-69960\" srcset=\"https:\/\/plantaopolicialipatinga.com.br\/site\/wp-content\/uploads\/2026\/09\/IMG_2516-1024x1024.jpeg 1024w, https:\/\/plantaopolicialipatinga.com.br\/site\/wp-content\/uploads\/2026\/09\/IMG_2516-300x300.jpeg 300w, https:\/\/plantaopolicialipatinga.com.br\/site\/wp-content\/uploads\/2026\/09\/IMG_2516-150x150.jpeg 150w, https:\/\/plantaopolicialipatinga.com.br\/site\/wp-content\/uploads\/2026\/09\/IMG_2516-768x768.jpeg 768w, https:\/\/plantaopolicialipatinga.com.br\/site\/wp-content\/uploads\/2026\/09\/IMG_2516-696x696.jpeg 696w, https:\/\/plantaopolicialipatinga.com.br\/site\/wp-content\/uploads\/2026\/09\/IMG_2516-1068x1068.jpeg 1068w, https:\/\/plantaopolicialipatinga.com.br\/site\/wp-content\/uploads\/2026\/09\/IMG_2516-420x420.jpeg 420w, https:\/\/plantaopolicialipatinga.com.br\/site\/wp-content\/uploads\/2026\/09\/IMG_2516.jpeg 1280w\" sizes=\"auto, (max-width: 1024px) 100vw, 1024px\" \/><\/figure>\n\n\n\n<figure class=\"wp-block-image size-large\"><img loading=\"lazy\" decoding=\"async\" width=\"720\" height=\"720\" data-id=\"69961\" src=\"https:\/\/plantaopolicialipatinga.com.br\/site\/wp-content\/uploads\/2026\/09\/IMG_2517.jpeg\" alt=\"\" class=\"wp-image-69961\" srcset=\"https:\/\/plantaopolicialipatinga.com.br\/site\/wp-content\/uploads\/2026\/09\/IMG_2517.jpeg 720w, https:\/\/plantaopolicialipatinga.com.br\/site\/wp-content\/uploads\/2026\/09\/IMG_2517-300x300.jpeg 300w, https:\/\/plantaopolicialipatinga.com.br\/site\/wp-content\/uploads\/2026\/09\/IMG_2517-150x150.jpeg 150w, https:\/\/plantaopolicialipatinga.com.br\/site\/wp-content\/uploads\/2026\/09\/IMG_2517-696x696.jpeg 696w, https:\/\/plantaopolicialipatinga.com.br\/site\/wp-content\/uploads\/2026\/09\/IMG_2517-420x420.jpeg 420w\" sizes=\"auto, (max-width: 720px) 100vw, 720px\" \/><\/figure>\n<\/figure>\n","protected":false},"excerpt":{"rendered":"<p>Investigado \u00e9 apontado como respons\u00e1vel pelo envio ilegal de mais de 230 brasileiros aos Estados Unidos Ipatinga\/MG &#8211; Na manh\u00e3 de hoje, 2\/9, a Pol\u00edcia Federal deflagrou a Opera\u00e7\u00e3o Chiapas para combater o contrabando de migrantes, com o cumprimento de 13 mandados de busca e apreens\u00e3o na cidade de Governador Valadares\/MG, sendo nove deles para [&hellip;]<\/p>\n","protected":false},"author":3,"featured_media":69962,"comment_status":"open","ping_status":"open","sticky":false,"template":"","format":"standard","meta":{"amp_status":"","footnotes":""},"categories":[3],"tags":[],"class_list":["post-69958","post","type-post","status-publish","format-standard","has-post-thumbnail","hentry","category-destaque"],"jetpack_featured_media_url":"https:\/\/plantaopolicialipatinga.com.br\/site\/wp-content\/uploads\/2026\/09\/724712C1-8086-4AA9-9442-71D78B8C5E09.jpeg","_links":{"self":[{"href":"https:\/\/plantaopolicialipatinga.com.br\/site\/index.php\/wp-json\/wp\/v2\/posts\/69958","targetHints":{"allow":["GET"]}}],"collection":[{"href":"https:\/\/plantaopolicialipatinga.com.br\/site\/index.php\/wp-json\/wp\/v2\/posts"}],"about":[{"href":"https:\/\/plantaopolicialipatinga.com.br\/site\/index.php\/wp-json\/wp\/v2\/types\/post"}],"author":[{"embeddable":true,"href":"https:\/\/plantaopolicialipatinga.com.br\/site\/index.php\/wp-json\/wp\/v2\/users\/3"}],"replies":[{"embeddable":true,"href":"https:\/\/plantaopolicialipatinga.com.br\/site\/index.php\/wp-json\/wp\/v2\/comments?post=69958"}],"version-history":[{"count":3,"href":"https:\/\/plantaopolicialipatinga.com.br\/site\/index.php\/wp-json\/wp\/v2\/posts\/69958\/revisions"}],"predecessor-version":[{"id":69966,"href":"https:\/\/plantaopolicialipatinga.com.br\/site\/index.php\/wp-json\/wp\/v2\/posts\/69958\/revisions\/69966"}],"wp:featuredmedia":[{"embeddable":true,"href":"https:\/\/plantaopolicialipatinga.com.br\/site\/index.php\/wp-json\/wp\/v2\/media\/69962"}],"wp:attachment":[{"href":"https:\/\/plantaopolicialipatinga.com.br\/site\/index.php\/wp-json\/wp\/v2\/media?parent=69958"}],"wp:term":[{"taxonomy":"category","embeddable":true,"href":"https:\/\/plantaopolicialipatinga.com.br\/site\/index.php\/wp-json\/wp\/v2\/categories?post=69958"},{"taxonomy":"post_tag","embeddable":true,"href":"https:\/\/plantaopolicialipatinga.com.br\/site\/index.php\/wp-json\/wp\/v2\/tags?post=69958"}],"curies":[{"name":"wp","href":"https:\/\/api.w.org\/{rel}","templated":true}]}}