{"id":69982,"date":"2026-09-02T16:44:47","date_gmt":"2026-09-02T19:44:47","guid":{"rendered":"https:\/\/plantaopolicialipatinga.com.br\/site\/?p=69982"},"modified":"2026-09-02T16:44:49","modified_gmt":"2026-09-02T19:44:49","slug":"motociclista-e-preso-apos-se-envolver-em-acidente-de-transito-em-timoteo","status":"publish","type":"post","link":"https:\/\/plantaopolicialipatinga.com.br\/site\/index.php\/2026\/09\/02\/motociclista-e-preso-apos-se-envolver-em-acidente-de-transito-em-timoteo\/","title":{"rendered":"Motociclista \u00e9 preso ap\u00f3s se envolver em acidente de tr\u00e2nsito em Tim\u00f3teo"},"content":{"rendered":"\n<p class=\"wp-block-paragraph\"><strong>TIM\u00d3TEO<\/strong> &#8211; Um jovem de 22 anos foi preso pela Pol\u00edcia Militar ap\u00f3s se envolver em um acidente de tr\u00e2nsito no bairro Jo\u00e3o XXIII, em Tim\u00f3teo. A ocorr\u00eancia foi registrada no final da tarde de segunda-feira (31).<\/p>\n\n\n\n<p class=\"wp-block-paragraph\">Segundo a Pol\u00edcia Militar, o rapaz conduzia uma motocicleta quando perdeu o controle da dire\u00e7\u00e3o e bateu contra um autom\u00f3vel. Apesar da colis\u00e3o, <strong>ningu\u00e9m ficou ferido<\/strong>.<\/p>\n\n\n\n<p class=\"wp-block-paragraph\">Durante o atendimento da ocorr\u00eancia, os militares constataram que o motociclista <strong>n\u00e3o possu\u00eda habilita\u00e7\u00e3o<\/strong>, e que a motocicleta estava com a documenta\u00e7\u00e3o irregular. Ainda conforme a PM, o jovem tamb\u00e9m havia feito uso de <strong>medicamento controlado<\/strong>.<\/p>\n\n\n\n<p class=\"wp-block-paragraph\">Diante das irregularidades constatadas, o motociclista recebeu voz de pris\u00e3o e foi encaminhado para as provid\u00eancias cab\u00edveis.<\/p>\n\n\n\n<p class=\"wp-block-paragraph\">Em entrevista \u00e0 reportagem da <strong>R\u00e1dio Vanguarda FM<\/strong>, o jovem assumiu a responsabilidade pelo acidente.<\/p>\n\n\n\n<figure class=\"wp-block-audio\"><audio controls src=\"https:\/\/plantaopolicialipatinga.com.br\/site\/wp-content\/uploads\/2026\/09\/SITE-SOB-EFEITO-DE-MEDICAMENTOS-JOVEM-A_-DETIDO-APA_S-ACIDENTE-COM-MOTOCICLETA-NO-BAIRRO-JOA_O-XXIII-EM-TIMA_TEO.mp3\"><\/audio><figcaption class=\"wp-element-caption\"><strong><em>A rep\u00f3rter Sandra Serafim nos traz mais detalhes <\/em><\/strong><\/figcaption><\/figure>\n","protected":false},"excerpt":{"rendered":"<p>TIM\u00d3TEO &#8211; Um jovem de 22 anos foi preso pela Pol\u00edcia Militar ap\u00f3s se envolver em um acidente de tr\u00e2nsito no bairro Jo\u00e3o XXIII, em Tim\u00f3teo. A ocorr\u00eancia foi registrada no final da tarde de segunda-feira (31). Segundo a Pol\u00edcia Militar, o rapaz conduzia uma motocicleta quando perdeu o controle da dire\u00e7\u00e3o e bateu contra [&hellip;]<\/p>\n","protected":false},"author":3,"featured_media":69555,"comment_status":"open","ping_status":"open","sticky":false,"template":"","format":"standard","meta":{"amp_status":"","footnotes":""},"categories":[12],"tags":[],"class_list":["post-69982","post","type-post","status-publish","format-standard","has-post-thumbnail","hentry","category-timoteo"],"jetpack_featured_media_url":"https:\/\/plantaopolicialipatinga.com.br\/site\/wp-content\/uploads\/2026\/08\/IMG_0035.jpeg","_links":{"self":[{"href":"https:\/\/plantaopolicialipatinga.com.br\/site\/index.php\/wp-json\/wp\/v2\/posts\/69982","targetHints":{"allow":["GET"]}}],"collection":[{"href":"https:\/\/plantaopolicialipatinga.com.br\/site\/index.php\/wp-json\/wp\/v2\/posts"}],"about":[{"href":"https:\/\/plantaopolicialipatinga.com.br\/site\/index.php\/wp-json\/wp\/v2\/types\/post"}],"author":[{"embeddable":true,"href":"https:\/\/plantaopolicialipatinga.com.br\/site\/index.php\/wp-json\/wp\/v2\/users\/3"}],"replies":[{"embeddable":true,"href":"https:\/\/plantaopolicialipatinga.com.br\/site\/index.php\/wp-json\/wp\/v2\/comments?post=69982"}],"version-history":[{"count":1,"href":"https:\/\/plantaopolicialipatinga.com.br\/site\/index.php\/wp-json\/wp\/v2\/posts\/69982\/revisions"}],"predecessor-version":[{"id":69984,"href":"https:\/\/plantaopolicialipatinga.com.br\/site\/index.php\/wp-json\/wp\/v2\/posts\/69982\/revisions\/69984"}],"wp:featuredmedia":[{"embeddable":true,"href":"https:\/\/plantaopolicialipatinga.com.br\/site\/index.php\/wp-json\/wp\/v2\/media\/69555"}],"wp:attachment":[{"href":"https:\/\/plantaopolicialipatinga.com.br\/site\/index.php\/wp-json\/wp\/v2\/media?parent=69982"}],"wp:term":[{"taxonomy":"category","embeddable":true,"href":"https:\/\/plantaopolicialipatinga.com.br\/site\/index.php\/wp-json\/wp\/v2\/categories?post=69982"},{"taxonomy":"post_tag","embeddable":true,"href":"https:\/\/plantaopolicialipatinga.com.br\/site\/index.php\/wp-json\/wp\/v2\/tags?post=69982"}],"curies":[{"name":"wp","href":"https:\/\/api.w.org\/{rel}","templated":true}]}}