{"id":69985,"date":"2026-09-02T17:39:41","date_gmt":"2026-09-02T20:39:41","guid":{"rendered":"https:\/\/plantaopolicialipatinga.com.br\/site\/?p=69985"},"modified":"2026-09-02T17:39:43","modified_gmt":"2026-09-02T20:39:43","slug":"supermercados-poderao-funcionar-no-feriado-de-7-de-setembro-no-vale-do-aco","status":"publish","type":"post","link":"https:\/\/plantaopolicialipatinga.com.br\/site\/index.php\/2026\/09\/02\/supermercados-poderao-funcionar-no-feriado-de-7-de-setembro-no-vale-do-aco\/","title":{"rendered":"Supermercados poder\u00e3o funcionar no feriado de 7 de Setembro no Vale do A\u00e7o"},"content":{"rendered":"\n<p class=\"wp-block-paragraph\">Supermercados e outros estabelecimentos do setor de g\u00eaneros aliment\u00edcios poder\u00e3o funcionar no feriado de 7 de Setembro, pr\u00f3xima segunda-feira, em Ipatinga, Coronel Fabriciano e Tim\u00f3teo. A autoriza\u00e7\u00e3o, por\u00e9m, est\u00e1 condicionada ao cumprimento das regras previstas nas Conven\u00e7\u00f5es Coletivas de Trabalho (CCTs).<\/p>\n\n\n\n<p class=\"wp-block-paragraph\">Os hor\u00e1rios autorizados s\u00e3o:<\/p>\n\n\n\n<ul class=\"wp-block-list\">\n<li>Coronel Fabriciano e Tim\u00f3teo: das 7h \u00e0s 14h;<\/li>\n\n\n\n<li>Ipatinga: das 8h \u00e0s 18h.<\/li>\n<\/ul>\n\n\n\n<p class=\"wp-block-paragraph\">A medida vale para estabelecimentos que comercializam g\u00eaneros aliment\u00edcios, como supermercados, a\u00e7ougues, casas de carnes, mercearias, peixarias, varej\u00f5es, sacol\u00f5es, hortifr\u00fatis e distribuidoras de alimentos.<\/p>\n\n\n\n<p class=\"wp-block-paragraph\">Certificado de Regularidade<\/p>\n\n\n\n<p class=\"wp-block-paragraph\">Para abrir no feriado, as empresas precisam cumprir todas as exig\u00eancias estabelecidas nas respectivas CCTs. Entre elas est\u00e1 a obten\u00e7\u00e3o do Certificado de Regularidade, documento que comprova o cumprimento das condi\u00e7\u00f5es previstas para o funcionamento em feriados.<\/p>\n\n\n\n<p class=\"wp-block-paragraph\">O presidente do Sindcom\u00e9rcio Vale do A\u00e7o e vice-presidente da Fecom\u00e9rcio MG, Jos\u00e9 Maria Facundes, orienta os empres\u00e1rios a consultar previamente a Conven\u00e7\u00e3o Coletiva correspondente \u00e0 atividade.<\/p>\n\n\n\n<p class=\"wp-block-paragraph\">\u201cA Conven\u00e7\u00e3o Coletiva estabelece as condi\u00e7\u00f5es para que o empres\u00e1rio possa organizar o funcionamento da sua empresa no feriado com seguran\u00e7a. Nossa orienta\u00e7\u00e3o \u00e9 que o empres\u00e1rio verifique previamente as regras aplic\u00e1veis ao seu estabelecimento para garantir o cumprimento da legisla\u00e7\u00e3o e da negocia\u00e7\u00e3o coletiva\u201d, afirmou.<\/p>\n\n\n\n<p class=\"wp-block-paragraph\">Outros estabelecimentos<\/p>\n\n\n\n<p class=\"wp-block-paragraph\">Para os demais segmentos do com\u00e9rcio, permanece a proibi\u00e7\u00e3o do trabalho de empregados no feriado quando n\u00e3o houver autoriza\u00e7\u00e3o prevista em Conven\u00e7\u00e3o Coletiva de Trabalho, inclusive em estabelecimentos localizados em shopping centers e centros comerciais de Coronel Fabriciano, Ipatinga e Tim\u00f3teo.<\/p>\n\n\n\n<p class=\"wp-block-paragraph\">J\u00e1 atividades consideradas essenciais, como padarias, farm\u00e1cias e postos de combust\u00edveis, podem funcionar conforme a legisla\u00e7\u00e3o federal espec\u00edfica.<\/p>\n\n\n\n<p class=\"wp-block-paragraph\">O Sindcom\u00e9rcio Vale do A\u00e7o orienta os empres\u00e1rios a consultar as conven\u00e7\u00f5es coletivas dispon\u00edveis no site da entidade. Informa\u00e7\u00f5es tamb\u00e9m podem ser obtidas pelo WhatsApp (31) 99523-1203.<\/p>\n","protected":false},"excerpt":{"rendered":"<p>Supermercados e outros estabelecimentos do setor de g\u00eaneros aliment\u00edcios poder\u00e3o funcionar no feriado de 7 de Setembro, pr\u00f3xima segunda-feira, em Ipatinga, Coronel Fabriciano e Tim\u00f3teo. A autoriza\u00e7\u00e3o, por\u00e9m, est\u00e1 condicionada ao cumprimento das regras previstas nas Conven\u00e7\u00f5es Coletivas de Trabalho (CCTs). Os hor\u00e1rios autorizados s\u00e3o: A medida vale para estabelecimentos que comercializam g\u00eaneros aliment\u00edcios, como [&hellip;]<\/p>\n","protected":false},"author":3,"featured_media":69986,"comment_status":"open","ping_status":"open","sticky":false,"template":"","format":"standard","meta":{"amp_status":"","footnotes":""},"categories":[22,3],"tags":[],"class_list":["post-69985","post","type-post","status-publish","format-standard","has-post-thumbnail","hentry","category-cidades","category-destaque"],"jetpack_featured_media_url":"https:\/\/plantaopolicialipatinga.com.br\/site\/wp-content\/uploads\/2026\/09\/IMG_2558.jpeg","_links":{"self":[{"href":"https:\/\/plantaopolicialipatinga.com.br\/site\/index.php\/wp-json\/wp\/v2\/posts\/69985","targetHints":{"allow":["GET"]}}],"collection":[{"href":"https:\/\/plantaopolicialipatinga.com.br\/site\/index.php\/wp-json\/wp\/v2\/posts"}],"about":[{"href":"https:\/\/plantaopolicialipatinga.com.br\/site\/index.php\/wp-json\/wp\/v2\/types\/post"}],"author":[{"embeddable":true,"href":"https:\/\/plantaopolicialipatinga.com.br\/site\/index.php\/wp-json\/wp\/v2\/users\/3"}],"replies":[{"embeddable":true,"href":"https:\/\/plantaopolicialipatinga.com.br\/site\/index.php\/wp-json\/wp\/v2\/comments?post=69985"}],"version-history":[{"count":1,"href":"https:\/\/plantaopolicialipatinga.com.br\/site\/index.php\/wp-json\/wp\/v2\/posts\/69985\/revisions"}],"predecessor-version":[{"id":69987,"href":"https:\/\/plantaopolicialipatinga.com.br\/site\/index.php\/wp-json\/wp\/v2\/posts\/69985\/revisions\/69987"}],"wp:featuredmedia":[{"embeddable":true,"href":"https:\/\/plantaopolicialipatinga.com.br\/site\/index.php\/wp-json\/wp\/v2\/media\/69986"}],"wp:attachment":[{"href":"https:\/\/plantaopolicialipatinga.com.br\/site\/index.php\/wp-json\/wp\/v2\/media?parent=69985"}],"wp:term":[{"taxonomy":"category","embeddable":true,"href":"https:\/\/plantaopolicialipatinga.com.br\/site\/index.php\/wp-json\/wp\/v2\/categories?post=69985"},{"taxonomy":"post_tag","embeddable":true,"href":"https:\/\/plantaopolicialipatinga.com.br\/site\/index.php\/wp-json\/wp\/v2\/tags?post=69985"}],"curies":[{"name":"wp","href":"https:\/\/api.w.org\/{rel}","templated":true}]}}