{"id":70001,"date":"2026-09-02T20:59:30","date_gmt":"2026-09-02T23:59:30","guid":{"rendered":"https:\/\/plantaopolicialipatinga.com.br\/site\/?p=70001"},"modified":"2026-09-02T20:59:31","modified_gmt":"2026-09-02T23:59:31","slug":"dois-homens-sao-presos-suspeitos-de-tentativa-de-homicidio-contra-mulher-trans-em-ipatinga","status":"publish","type":"post","link":"https:\/\/plantaopolicialipatinga.com.br\/site\/index.php\/2026\/09\/02\/dois-homens-sao-presos-suspeitos-de-tentativa-de-homicidio-contra-mulher-trans-em-ipatinga\/","title":{"rendered":"Dois homens s\u00e3o presos suspeitos de tentativa de homic\u00eddio contra mulher trans em Ipatinga"},"content":{"rendered":"\n<p class=\"wp-block-paragraph\"><strong>IPATINGA<\/strong> &#8211; Dois homens, de 34 e 33 anos, foram presos pela Pol\u00edcia Militar na noite desta ter\u00e7a-feira (1\u00ba), suspeitos de envolvimento em uma tentativa de homic\u00eddio registrada na noite de segunda-feira (31), no bairro Jardim Panorama, em Ipatinga, nas proximidades da regi\u00e3o conhecida como \u201crua dos mot\u00e9is\u201d.<\/p>\n\n\n\n<p class=\"wp-block-paragraph\">Segundo a Pol\u00edcia Militar, duas mulheres j\u00e1 haviam sido presas no dia da ocorr\u00eancia por suspeita de participa\u00e7\u00e3o no crime. Uma arma de fogo calibre .32, que teria sido utilizada na tentativa de homic\u00eddio, tamb\u00e9m foi apreendida.<\/p>\n\n\n\n<p class=\"wp-block-paragraph\">De acordo com o registro policial, durante a ocorr\u00eancia, um homem teria efetuado dois disparos contra a v\u00edtima, uma mulher trans de 35 anos. Ela foi atingida, caiu no local e precisou ser socorrida, sendo encaminhada para atendimento hospitalar.<\/p>\n\n\n\n<p class=\"wp-block-paragraph\">Durante as dilig\u00eancias realizadas nesta ter\u00e7a-feira, um dos suspeitos, de 34 anos, foi localizado em uma resid\u00eancia no distrito de Vale Verde, em Ipaba. No im\u00f3vel, os militares encontraram um ve\u00edculo com caracter\u00edsticas semelhantes \u00e0s observadas em imagens do sistema de videomonitoramento relacionadas ao crime. O autom\u00f3vel foi apreendido e removido para um p\u00e1tio credenciado.<\/p>\n\n\n\n<p class=\"wp-block-paragraph\">O segundo suspeito, de 33 anos, foi localizado em um estabelecimento \u00e0s margens da BR-458, em Ipatinga. Com ele, os policiais apreenderam 12 pedras de crack, um papelote de coca\u00edna, dois aparelhos celulares e R$ 2 em dinheiro.<\/p>\n\n\n\n<p class=\"wp-block-paragraph\">Os dois homens foram presos e encaminhados \u00e0 Delegacia de Pol\u00edcia Civil de Ipatinga.<\/p>\n\n\n\n<p class=\"wp-block-paragraph\"><strong>Suspeito afirma que n\u00e3o teve inten\u00e7\u00e3o de matar<\/strong><\/p>\n\n\n\n<p class=\"wp-block-paragraph\">Em entrevista ao <strong>Plant\u00e3o Policial<\/strong>, o homem de 34 anos, identificado como Lucas, admitiu ter efetuado os dois disparos, mas negou a inten\u00e7\u00e3o de matar a v\u00edtima.<\/p>\n\n\n\n<p class=\"wp-block-paragraph\">Segundo ele, houve uma discuss\u00e3o e a mulher teria tentado partir para cima dele. Lucas afirmou que estava armado e atirou \u201cmais para assustar\u201d, alegando que agiu para se proteger de uma poss\u00edvel agress\u00e3o.<\/p>\n\n\n\n<p class=\"wp-block-paragraph\">\u201cAcabei efetuando dois disparos pro lado dela\u201d, declarou.<\/p>\n\n\n\n<p class=\"wp-block-paragraph\">O suspeito tamb\u00e9m afirmou que n\u00e3o percebeu se havia atingido a v\u00edtima e que deixou o local logo ap\u00f3s os tiros.<\/p>\n\n\n\n<p class=\"wp-block-paragraph\">Lucas assumiu ainda ser o propriet\u00e1rio da arma calibre .32 e declarou que, apesar de outro homem tamb\u00e9m ter sido preso, n\u00e3o teria contado com a participa\u00e7\u00e3o dele nos disparos.<\/p>\n\n\n\n<p class=\"wp-block-paragraph\">A Pol\u00edcia Civil continua investigando a ocorr\u00eancia para esclarecer a din\u00e2mica do crime e a participa\u00e7\u00e3o de cada um dos envolvidos. A vers\u00e3o apresentada pelo suspeito ser\u00e1 analisada no decorrer da investiga\u00e7\u00e3o.<\/p>\n","protected":false},"excerpt":{"rendered":"<p>IPATINGA &#8211; Dois homens, de 34 e 33 anos, foram presos pela Pol\u00edcia Militar na noite desta ter\u00e7a-feira (1\u00ba), suspeitos de envolvimento em uma tentativa de homic\u00eddio registrada na noite de segunda-feira (31), no bairro Jardim Panorama, em Ipatinga, nas proximidades da regi\u00e3o conhecida como \u201crua dos mot\u00e9is\u201d. Segundo a Pol\u00edcia Militar, duas mulheres j\u00e1 [&hellip;]<\/p>\n","protected":false},"author":3,"featured_media":69555,"comment_status":"open","ping_status":"open","sticky":false,"template":"","format":"standard","meta":{"amp_status":"","footnotes":""},"categories":[20],"tags":[],"class_list":["post-70001","post","type-post","status-publish","format-standard","has-post-thumbnail","hentry","category-ipatinga"],"jetpack_featured_media_url":"https:\/\/plantaopolicialipatinga.com.br\/site\/wp-content\/uploads\/2026\/08\/IMG_0035.jpeg","_links":{"self":[{"href":"https:\/\/plantaopolicialipatinga.com.br\/site\/index.php\/wp-json\/wp\/v2\/posts\/70001","targetHints":{"allow":["GET"]}}],"collection":[{"href":"https:\/\/plantaopolicialipatinga.com.br\/site\/index.php\/wp-json\/wp\/v2\/posts"}],"about":[{"href":"https:\/\/plantaopolicialipatinga.com.br\/site\/index.php\/wp-json\/wp\/v2\/types\/post"}],"author":[{"embeddable":true,"href":"https:\/\/plantaopolicialipatinga.com.br\/site\/index.php\/wp-json\/wp\/v2\/users\/3"}],"replies":[{"embeddable":true,"href":"https:\/\/plantaopolicialipatinga.com.br\/site\/index.php\/wp-json\/wp\/v2\/comments?post=70001"}],"version-history":[{"count":1,"href":"https:\/\/plantaopolicialipatinga.com.br\/site\/index.php\/wp-json\/wp\/v2\/posts\/70001\/revisions"}],"predecessor-version":[{"id":70002,"href":"https:\/\/plantaopolicialipatinga.com.br\/site\/index.php\/wp-json\/wp\/v2\/posts\/70001\/revisions\/70002"}],"wp:featuredmedia":[{"embeddable":true,"href":"https:\/\/plantaopolicialipatinga.com.br\/site\/index.php\/wp-json\/wp\/v2\/media\/69555"}],"wp:attachment":[{"href":"https:\/\/plantaopolicialipatinga.com.br\/site\/index.php\/wp-json\/wp\/v2\/media?parent=70001"}],"wp:term":[{"taxonomy":"category","embeddable":true,"href":"https:\/\/plantaopolicialipatinga.com.br\/site\/index.php\/wp-json\/wp\/v2\/categories?post=70001"},{"taxonomy":"post_tag","embeddable":true,"href":"https:\/\/plantaopolicialipatinga.com.br\/site\/index.php\/wp-json\/wp\/v2\/tags?post=70001"}],"curies":[{"name":"wp","href":"https:\/\/api.w.org\/{rel}","templated":true}]}}