{"id":70003,"date":"2026-09-02T21:19:15","date_gmt":"2026-09-03T00:19:15","guid":{"rendered":"https:\/\/plantaopolicialipatinga.com.br\/site\/?p=70003"},"modified":"2026-09-02T21:19:16","modified_gmt":"2026-09-03T00:19:16","slug":"idoso-e-preso-suspeito-de-ameacar-companheira-em-coronel-fabriciano","status":"publish","type":"post","link":"https:\/\/plantaopolicialipatinga.com.br\/site\/index.php\/2026\/09\/02\/idoso-e-preso-suspeito-de-ameacar-companheira-em-coronel-fabriciano\/","title":{"rendered":"Idoso \u00e9 preso suspeito de amea\u00e7ar companheira em Coronel Fabriciano"},"content":{"rendered":"\n<p class=\"wp-block-paragraph\"><strong>CORONEL FABRICIANO<\/strong> &#8211; Um idoso, de 71 anos, foi preso pela Pol\u00edcia Militar no in\u00edcio da noite desta ter\u00e7a-feira (1\u00ba), suspeito de amea\u00e7ar a pr\u00f3pria companheira, de 61 anos, no bairro S\u00edlvio Pereira II, em Coronel Fabriciano.<\/p>\n\n\n\n<p class=\"wp-block-paragraph\">Segundo a Pol\u00edcia Militar, a ocorr\u00eancia foi registrada ap\u00f3s uma den\u00fancia de viol\u00eancia dom\u00e9stica. A mulher relatou aos policiais que estava em uma resid\u00eancia de sua propriedade quando teve uma discuss\u00e3o com o companheiro. Durante o desentendimento, ela teria pedido que o homem deixasse o im\u00f3vel e, segundo o relato, ap\u00f3s o pedido, teria sido amea\u00e7ada.<\/p>\n\n\n\n<p class=\"wp-block-paragraph\">Os militares localizaram o suspeito e deram voz de pris\u00e3o pelo crime de amea\u00e7a no contexto da Lei Maria da Penha. Ap\u00f3s ser informado sobre seus direitos constitucionais, ele foi conduzido \u00e0 Delegacia de Pol\u00edcia Civil de Ipatinga, onde permaneceu \u00e0 disposi\u00e7\u00e3o da autoridade policial.<\/p>\n\n\n\n<p class=\"wp-block-paragraph\"><strong>Suspeito nega amea\u00e7a<\/strong><\/p>\n\n\n\n<p class=\"wp-block-paragraph\">Em entrevista ao <strong>Plant\u00e3o Policial<\/strong>, o homem negou ter amea\u00e7ado ou agredido a companheira. Ele afirmou que os dois haviam discutido porque ele n\u00e3o poderia ajud\u00e1-la a lavar e torcer algumas roupas devido a dores no bra\u00e7o.<\/p>\n\n\n\n<p class=\"wp-block-paragraph\">O idoso contou que saiu da resid\u00eancia ap\u00f3s o desentendimento e que, posteriormente, foi abordado pelos policiais. Segundo ele, n\u00e3o houve agress\u00e3o, amea\u00e7a de morte ou dano ao im\u00f3vel.<\/p>\n\n\n\n<p class=\"wp-block-paragraph\">Durante a entrevista, o homem tamb\u00e9m afirmou que estaria tentando ajudar a companheira a abandonar o uso de drogas. Ele alegou que o relacionamento vinha sendo marcado por dificuldades relacionadas ao consumo de entorpecentes e disse que, ap\u00f3s ser liberado, n\u00e3o pretende retomar a conviv\u00eancia com ela.<\/p>\n\n\n\n<p class=\"wp-block-paragraph\">O suspeito relatou ainda que foi informado sobre a possibilidade de pagamento de fian\u00e7a, mas disse n\u00e3o ter condi\u00e7\u00f5es financeiras para arcar com o valor. Ele afirmou acreditar que poder\u00e1 responder ao caso em liberdade e disse confiar na decis\u00e3o da Justi\u00e7a.<\/p>\n\n\n\n<p class=\"wp-block-paragraph\"><strong>As declara\u00e7\u00f5es apresentadas pelo preso s\u00e3o a vers\u00e3o dele sobre os fatos. A ocorr\u00eancia segue sob apura\u00e7\u00e3o das autoridades competentes.<\/strong><\/p>\n","protected":false},"excerpt":{"rendered":"<p>CORONEL FABRICIANO &#8211; Um idoso, de 71 anos, foi preso pela Pol\u00edcia Militar no in\u00edcio da noite desta ter\u00e7a-feira (1\u00ba), suspeito de amea\u00e7ar a pr\u00f3pria companheira, de 61 anos, no bairro S\u00edlvio Pereira II, em Coronel Fabriciano. Segundo a Pol\u00edcia Militar, a ocorr\u00eancia foi registrada ap\u00f3s uma den\u00fancia de viol\u00eancia dom\u00e9stica. A mulher relatou aos [&hellip;]<\/p>\n","protected":false},"author":3,"featured_media":69555,"comment_status":"open","ping_status":"open","sticky":false,"template":"","format":"standard","meta":{"amp_status":"","footnotes":""},"categories":[6],"tags":[],"class_list":["post-70003","post","type-post","status-publish","format-standard","has-post-thumbnail","hentry","category-coronel-fabriciano"],"jetpack_featured_media_url":"https:\/\/plantaopolicialipatinga.com.br\/site\/wp-content\/uploads\/2026\/08\/IMG_0035.jpeg","_links":{"self":[{"href":"https:\/\/plantaopolicialipatinga.com.br\/site\/index.php\/wp-json\/wp\/v2\/posts\/70003","targetHints":{"allow":["GET"]}}],"collection":[{"href":"https:\/\/plantaopolicialipatinga.com.br\/site\/index.php\/wp-json\/wp\/v2\/posts"}],"about":[{"href":"https:\/\/plantaopolicialipatinga.com.br\/site\/index.php\/wp-json\/wp\/v2\/types\/post"}],"author":[{"embeddable":true,"href":"https:\/\/plantaopolicialipatinga.com.br\/site\/index.php\/wp-json\/wp\/v2\/users\/3"}],"replies":[{"embeddable":true,"href":"https:\/\/plantaopolicialipatinga.com.br\/site\/index.php\/wp-json\/wp\/v2\/comments?post=70003"}],"version-history":[{"count":1,"href":"https:\/\/plantaopolicialipatinga.com.br\/site\/index.php\/wp-json\/wp\/v2\/posts\/70003\/revisions"}],"predecessor-version":[{"id":70004,"href":"https:\/\/plantaopolicialipatinga.com.br\/site\/index.php\/wp-json\/wp\/v2\/posts\/70003\/revisions\/70004"}],"wp:featuredmedia":[{"embeddable":true,"href":"https:\/\/plantaopolicialipatinga.com.br\/site\/index.php\/wp-json\/wp\/v2\/media\/69555"}],"wp:attachment":[{"href":"https:\/\/plantaopolicialipatinga.com.br\/site\/index.php\/wp-json\/wp\/v2\/media?parent=70003"}],"wp:term":[{"taxonomy":"category","embeddable":true,"href":"https:\/\/plantaopolicialipatinga.com.br\/site\/index.php\/wp-json\/wp\/v2\/categories?post=70003"},{"taxonomy":"post_tag","embeddable":true,"href":"https:\/\/plantaopolicialipatinga.com.br\/site\/index.php\/wp-json\/wp\/v2\/tags?post=70003"}],"curies":[{"name":"wp","href":"https:\/\/api.w.org\/{rel}","templated":true}]}}