{"id":70008,"date":"2026-09-03T12:22:32","date_gmt":"2026-09-03T15:22:32","guid":{"rendered":"https:\/\/plantaopolicialipatinga.com.br\/site\/?p=70008"},"modified":"2026-09-03T12:22:33","modified_gmt":"2026-09-03T15:22:33","slug":"mp-denuncia-quatro-pessoas-por-homicidio-qualificado-extorsao-e-associacao-para-o-trafico-em-iapu","status":"publish","type":"post","link":"https:\/\/plantaopolicialipatinga.com.br\/site\/index.php\/2026\/09\/03\/mp-denuncia-quatro-pessoas-por-homicidio-qualificado-extorsao-e-associacao-para-o-trafico-em-iapu\/","title":{"rendered":"MP denuncia quatro pessoas por homic\u00eddio qualificado, extors\u00e3o e associa\u00e7\u00e3o para o tr\u00e1fico em Iapu"},"content":{"rendered":"\n<p class=\"wp-block-paragraph\">O Minist\u00e9rio P\u00fablico de Minas Gerais (MPMG) ofereceu den\u00fancia contra quatro pessoas, de 21, 26, 37 e 39 anos, investigadas por envolvimento na morte de um jovem de 21 anos, ocorrida em abril deste ano, no distrito de S\u00e3o Sebasti\u00e3o da Barra, em Iapu, no Leste de Minas.<\/p>\n\n\n\n<p class=\"wp-block-paragraph\">Segundo a den\u00fancia, o homic\u00eddio aconteceu na noite de 29 de abril. A v\u00edtima estava dentro da pr\u00f3pria resid\u00eancia quando foi surpreendida e morta a tiros.<\/p>\n\n\n\n<p class=\"wp-block-paragraph\">As investiga\u00e7\u00f5es apontaram que o crime estaria relacionado a uma d\u00edvida decorrente da compra de drogas, al\u00e9m de desentendimentos envolvendo a cobran\u00e7a de valores e quest\u00f5es pessoais.<\/p>\n\n\n\n<p class=\"wp-block-paragraph\">De acordo com o Minist\u00e9rio P\u00fablico, a v\u00edtima teria adquirido entorpecentes e, como forma de pagamento, sido obrigada, mediante grave amea\u00e7a e uso de arma de fogo, a entregar uma televis\u00e3o avaliada em aproximadamente R$ 2,4 mil. Como o valor do aparelho seria superior ao da d\u00edvida, cerca de R$ 800 ainda deveriam ser devolvidos \u00e0 v\u00edtima.<\/p>\n\n\n\n<p class=\"wp-block-paragraph\">A cobran\u00e7a desse valor, somada \u00e0 suspeita de que o jovem mantinha um relacionamento amoroso com a ex-companheira de um dos denunciados, teria motivado o planejamento da execu\u00e7\u00e3o.<\/p>\n\n\n\n<p class=\"wp-block-paragraph\">Ainda conforme a den\u00fancia, no dia do crime, um dos acusados teria sido levado at\u00e9 as proximidades da resid\u00eancia da v\u00edtima e recebido informa\u00e7\u00f5es sobre onde ela estava. Ele teria entrado no im\u00f3vel pelos fundos e efetuado um primeiro disparo contra o t\u00f3rax do jovem. Depois que a v\u00edtima caiu, outros disparos teriam sido feitos na regi\u00e3o da cabe\u00e7a.<\/p>\n\n\n\n<p class=\"wp-block-paragraph\">O Minist\u00e9rio P\u00fablico classificou o homic\u00eddio como qualificado por <strong>motivo torpe, emprego de meio cruel e utiliza\u00e7\u00e3o de recurso que dificultou ou impossibilitou a defesa da v\u00edtima<\/strong>. A acusa\u00e7\u00e3o tamb\u00e9m aponta que o crime teria sido cometido para assegurar a impunidade de outro delito.<\/p>\n\n\n\n<p class=\"wp-block-paragraph\"><strong>Outros crimes<\/strong><\/p>\n\n\n\n<p class=\"wp-block-paragraph\">Al\u00e9m do homic\u00eddio qualificado, dois dos quatro denunciados tamb\u00e9m respondem por <strong>extors\u00e3o<\/strong>, pela suposta participa\u00e7\u00e3o na cobran\u00e7a da d\u00edvida que resultou na entrega da televis\u00e3o mediante amea\u00e7a e emprego de arma de fogo.<\/p>\n\n\n\n<p class=\"wp-block-paragraph\">Os quatro foram denunciados ainda por <strong>associa\u00e7\u00e3o para o tr\u00e1fico de drogas<\/strong>. Segundo as investiga\u00e7\u00f5es, eles teriam mantido uma atua\u00e7\u00e3o est\u00e1vel e coordenada, com divis\u00e3o de tarefas para a comercializa\u00e7\u00e3o de entorpecentes na regi\u00e3o.<\/p>\n\n\n\n<p class=\"wp-block-paragraph\">Um dos acusados tamb\u00e9m foi denunciado por <strong>porte ilegal de arma de fogo de uso permitido<\/strong>. Trata-se de uma pistola calibre .380 que, segundo o Minist\u00e9rio P\u00fablico, teria sido utilizada na execu\u00e7\u00e3o do jovem.<\/p>\n\n\n\n<p class=\"wp-block-paragraph\">O promotor de Justi\u00e7a Jonas Junio Linhares Costa Monteiro, da 2\u00aa Promotoria de Justi\u00e7a de Inhapim, afirmou que a atua\u00e7\u00e3o do Minist\u00e9rio P\u00fablico busca responsabilizar os envolvidos diante da gravidade dos fatos e da viol\u00eancia empregada contra a v\u00edtima.<\/p>\n\n\n\n<p class=\"wp-block-paragraph\"><strong>Importante:<\/strong> a den\u00fancia representa a acusa\u00e7\u00e3o formal do Minist\u00e9rio P\u00fablico. Os denunciados ainda ter\u00e3o direito \u00e0 ampla defesa e ao contradit\u00f3rio durante o processo.<\/p>\n","protected":false},"excerpt":{"rendered":"<p>O Minist\u00e9rio P\u00fablico de Minas Gerais (MPMG) ofereceu den\u00fancia contra quatro pessoas, de 21, 26, 37 e 39 anos, investigadas por envolvimento na morte de um jovem de 21 anos, ocorrida em abril deste ano, no distrito de S\u00e3o Sebasti\u00e3o da Barra, em Iapu, no Leste de Minas. Segundo a den\u00fancia, o homic\u00eddio aconteceu na [&hellip;]<\/p>\n","protected":false},"author":3,"featured_media":69666,"comment_status":"open","ping_status":"open","sticky":false,"template":"","format":"standard","meta":{"amp_status":"","footnotes":""},"categories":[3],"tags":[],"class_list":["post-70008","post","type-post","status-publish","format-standard","has-post-thumbnail","hentry","category-destaque"],"jetpack_featured_media_url":"https:\/\/plantaopolicialipatinga.com.br\/site\/wp-content\/uploads\/2026\/08\/IMG_0232-1.webp","_links":{"self":[{"href":"https:\/\/plantaopolicialipatinga.com.br\/site\/index.php\/wp-json\/wp\/v2\/posts\/70008","targetHints":{"allow":["GET"]}}],"collection":[{"href":"https:\/\/plantaopolicialipatinga.com.br\/site\/index.php\/wp-json\/wp\/v2\/posts"}],"about":[{"href":"https:\/\/plantaopolicialipatinga.com.br\/site\/index.php\/wp-json\/wp\/v2\/types\/post"}],"author":[{"embeddable":true,"href":"https:\/\/plantaopolicialipatinga.com.br\/site\/index.php\/wp-json\/wp\/v2\/users\/3"}],"replies":[{"embeddable":true,"href":"https:\/\/plantaopolicialipatinga.com.br\/site\/index.php\/wp-json\/wp\/v2\/comments?post=70008"}],"version-history":[{"count":1,"href":"https:\/\/plantaopolicialipatinga.com.br\/site\/index.php\/wp-json\/wp\/v2\/posts\/70008\/revisions"}],"predecessor-version":[{"id":70009,"href":"https:\/\/plantaopolicialipatinga.com.br\/site\/index.php\/wp-json\/wp\/v2\/posts\/70008\/revisions\/70009"}],"wp:featuredmedia":[{"embeddable":true,"href":"https:\/\/plantaopolicialipatinga.com.br\/site\/index.php\/wp-json\/wp\/v2\/media\/69666"}],"wp:attachment":[{"href":"https:\/\/plantaopolicialipatinga.com.br\/site\/index.php\/wp-json\/wp\/v2\/media?parent=70008"}],"wp:term":[{"taxonomy":"category","embeddable":true,"href":"https:\/\/plantaopolicialipatinga.com.br\/site\/index.php\/wp-json\/wp\/v2\/categories?post=70008"},{"taxonomy":"post_tag","embeddable":true,"href":"https:\/\/plantaopolicialipatinga.com.br\/site\/index.php\/wp-json\/wp\/v2\/tags?post=70008"}],"curies":[{"name":"wp","href":"https:\/\/api.w.org\/{rel}","templated":true}]}}